{"id":28709,"date":"2018-06-18T10:24:33","date_gmt":"2018-06-18T13:24:33","guid":{"rendered":"https:\/\/www.actualidadadiario.com\/?p=28709"},"modified":"2018-11-06T19:43:44","modified_gmt":"2018-11-06T22:43:44","slug":"veniamos-bien-pero-de-golpe-pasaron-cosas","status":"publish","type":"post","link":"https:\/\/www.actualidadadiario.com\/index.php\/2018\/06\/18\/veniamos-bien-pero-de-golpe-pasaron-cosas\/","title":{"rendered":"&#8220;Ven\u00edamos bien pero de golpe pasaron cosas&#8221;"},"content":{"rendered":"<p><em><strong>As\u00ed respondi\u00f3 el primer mandatario cuando el conductor de PPT le inquiri\u00f3 por los motivos de la crisis que atraviesa la Argentina por culpa de las medidas econ\u00f3micas<\/strong><\/em><\/p>\n<p>&nbsp;<\/p>\n<p>&nbsp;<\/p>\n<p>&nbsp;<\/p>\n<p>&nbsp;<\/p>\n<p>El di\u00e1logo entre Mauricio Macri y Jorge Lanata transcurri\u00f3, como estaba previsto, sin mayores sobresaltos. De todos modos, hubo algunas respuestas del jefe de Estado que llamaron la atenci\u00f3n.<\/p>\n<p>&nbsp;<\/p>\n<p>Una de ella fue sobre la crisis econ\u00f3mica y financiera que se agudiz\u00f3 en el pa\u00eds en los \u00faltimos dos meses, con la disparada del d\u00f3lar y la inflaci\u00f3n como consecuencias m\u00e1s evidentes.<\/p>\n<p>&nbsp;<\/p>\n<p>Las palabras de Macri fueron, cuanto menos llamativas: &#8220;Ven\u00edamos bien, pero de golpe pasaron cosas, porque tambi\u00e9n el mundo est\u00e1 vol\u00e1til&#8221;.<\/p>\n<p>&nbsp;<\/p>\n<p>Luego dijo que Estados Unidos cambi\u00f3 de presidente, aument\u00f3 el d\u00f3lar, el petr\u00f3leo, las tasas. &#8220;Todos esos que nos prestaban dicen vamos a revaluar todo de vuelta&#8221;, complet\u00f3.<\/p>\n<p>&nbsp;<\/p>\n<p>Reconoci\u00f3 as\u00ed, de alguna manera, que el gobierno hizo o\u00eddos sordos durante m\u00e1s de dos a\u00f1os a todos los que advert\u00edan que algo as\u00ed pod\u00eda pasar, dejando al pa\u00eds a merced de las novedades externas que no puede controlar.<\/p>\n","protected":false},"excerpt":{"rendered":"<p>As\u00ed respondi\u00f3 el primer mandatario cuando el conductor de PPT le inquiri\u00f3 por los motivos de la crisis que atraviesa la Argentina por culpa de las medidas econ\u00f3micas &nbsp; &nbsp; &nbsp; &nbsp; El di\u00e1logo entre Mauricio Macri y Jorge Lanata transcurri\u00f3, como estaba previsto, sin mayores sobresaltos. De todos modos, hubo algunas respuestas del jefe de Estado que llamaron la atenci\u00f3n. &nbsp; Una de ella fue sobre la crisis econ\u00f3mica y financiera que se agudiz\u00f3 en el pa\u00eds en los \u00faltimos dos meses, con la disparada del d\u00f3lar y la&#8230;<\/p>\n","protected":false},"author":3,"featured_media":28710,"comment_status":"closed","ping_status":"closed","sticky":false,"template":"","format":"standard","meta":[],"categories":[18],"tags":[],"_links":{"self":[{"href":"https:\/\/www.actualidadadiario.com\/index.php\/wp-json\/wp\/v2\/posts\/28709"}],"collection":[{"href":"https:\/\/www.actualidadadiario.com\/index.php\/wp-json\/wp\/v2\/posts"}],"about":[{"href":"https:\/\/www.actualidadadiario.com\/index.php\/wp-json\/wp\/v2\/types\/post"}],"author":[{"embeddable":true,"href":"https:\/\/www.actualidadadiario.com\/index.php\/wp-json\/wp\/v2\/users\/3"}],"replies":[{"embeddable":true,"href":"https:\/\/www.actualidadadiario.com\/index.php\/wp-json\/wp\/v2\/comments?post=28709"}],"version-history":[{"count":1,"href":"https:\/\/www.actualidadadiario.com\/index.php\/wp-json\/wp\/v2\/posts\/28709\/revisions"}],"predecessor-version":[{"id":28711,"href":"https:\/\/www.actualidadadiario.com\/index.php\/wp-json\/wp\/v2\/posts\/28709\/revisions\/28711"}],"wp:featuredmedia":[{"embeddable":true,"href":"https:\/\/www.actualidadadiario.com\/index.php\/wp-json\/wp\/v2\/media\/28710"}],"wp:attachment":[{"href":"https:\/\/www.actualidadadiario.com\/index.php\/wp-json\/wp\/v2\/media?parent=28709"}],"wp:term":[{"taxonomy":"category","embeddable":true,"href":"https:\/\/www.actualidadadiario.com\/index.php\/wp-json\/wp\/v2\/categories?post=28709"},{"taxonomy":"post_tag","embeddable":true,"href":"https:\/\/www.actualidadadiario.com\/index.php\/wp-json\/wp\/v2\/tags?post=28709"}],"curies":[{"name":"wp","href":"https:\/\/api.w.org\/{rel}","templated":true}]}}