{"id":28700,"date":"2018-06-18T10:22:28","date_gmt":"2018-06-18T13:22:28","guid":{"rendered":"https:\/\/www.actualidadadiario.com\/?p=28700"},"modified":"2018-11-06T19:43:44","modified_gmt":"2018-11-06T22:43:44","slug":"el-director-de-fundacion-huesped-cruzo-a-elisa-carrio-por-el-aborto-no-mienta","status":"publish","type":"post","link":"https:\/\/www.actualidadadiario.com\/index.php\/2018\/06\/18\/el-director-de-fundacion-huesped-cruzo-a-elisa-carrio-por-el-aborto-no-mienta\/","title":{"rendered":"El director de Fundaci\u00f3n Hu\u00e9sped cruz\u00f3 a Elisa Carri\u00f3 por el aborto: &#8220;No mienta&#8221;"},"content":{"rendered":"<p><em><strong>Leandro Cahn le respondi\u00f3 por Twitter a la diputada, que rechaz\u00f3 la legalizaci\u00f3n de la Interrupci\u00f3n Voluntaria del Embarazo en Diputados<\/strong><\/em><\/p>\n<p>&nbsp;<\/p>\n<p>&nbsp;<\/p>\n<p>&nbsp;<\/p>\n<p>&nbsp;<\/p>\n<p>Elisa Carri\u00f3 difundi\u00f3 este domingo una carta publicada en Facebook en la que dedic\u00f3 unas palabras \u201ca los desesperanzados\u201d por la aprobaci\u00f3n de la legalizaci\u00f3n de la Interrupci\u00f3n Voluntaria del Embarazo (IVE) en la C\u00e1mara de Diputados. La l\u00edder de la Coalici\u00f3n C\u00edvica &#8211; ARI volvi\u00f3 a cuestionar adem\u00e1s la hist\u00f3rica sesi\u00f3n del jueves en la C\u00e1mara Baja. \u201cLos cambios y manipulaciones de votos en la c\u00e1mara de diputados por la madrugada mostraron lo peor de la pol\u00edtica mediocre y corrupta de los \u00faltimos a\u00f1os. Cuando se\u00f1ale al interbloque que era el \u201c\u00faltimo sacrificio\u201d era para decirles que la Coalici\u00f3n C\u00edvica no est\u00e1 acostumbrada a la mugre pol\u00edtica de las madrugadas\u201d escribi\u00f3.<\/p>\n<p>&nbsp;<\/p>\n<p>Lilita reiter\u00f3 su disconformidad con la Interrupci\u00f3n Voluntaria del Embarazo, sobre lo que sostuvo: \u201cEn esta semana explicar\u00e9 mi posici\u00f3n filos\u00f3fica, \u00e9tica y pol\u00edtica respecto a lo sancionado en diputados que por lo menos hasta el final permite un aborto a los 8 meses de gestaci\u00f3n con una simple declaraci\u00f3n jurada\u201d.<\/p>\n<p>&nbsp;<\/p>\n<p>Leandro Cahn, director ejecutivo de Fundaci\u00f3n Hu\u00e9sped, le respondi\u00f3 a la legisladora sobre las supuestas \u201cmanipulaciones\u201d que recibieron los diputados. \u201cSolo un comentario a este texto de la Diputada Carri\u00f3. Las presiones, las reales, las efectivas, fueron de la Iglesia y los grupos conservadores. As\u00ed lo explican los no menos de 6 Diputados que dec\u00edan querer votar la ley pero si lo hac\u00edan &#8220;no pod\u00edan volver a sus provincias&#8221;, escribi\u00f3 el polit\u00f3logo.<\/p>\n<p>&nbsp;<\/p>\n<p>En una serie de tweets, el director de la Fundaci\u00f3n -que trabaja en \u00e1reas de salud p\u00fablica, sexual y reproductiva- argument\u00f3 sobre los dichos de Carri\u00f3 en la carta en la que afirma que \u201cuna mujer podr\u00eda abortar hasta los ocho meses con una simple declaraci\u00f3n jurada\u201d y que se podr\u00e1 \u201cdescartar la potencia de vida de ni\u00f1os con capacidades diferentes\u201d.<\/p>\n<p>&nbsp;<\/p>\n<p>En ese sentido, Cahn respondi\u00f3: \u201cAl respecto, la ley es clara acerca de la voluntariedad hasta la semana 14. Despu\u00e9s, las causales vigentes por el fallo FAL a la que se agreg\u00f3 &#8220;incompatibilidad con la vida extrauterina&#8221;. No existe la causal por malformaciones. No mienta\u201d.<\/p>\n<p>&nbsp;<\/p>\n<p>El titular de Huesped, -quien expuso en el plenario de comisiones de Diputados a favor del aborto legal, seguro y gratuito- agreg\u00f3: \u201cY, por \u00faltimo, hubo m\u00e1s de dos meses de presentaciones en el plenario de comisiones y casi 24 horas de sesi\u00f3n en las que Ud., @elisacarrio, no particip\u00f3. Utilizar los espacios institucionales es fortalecer la rep\u00fablica, no los caprichitos por FB enojada porque perdi\u00f3\u201d, finaliz\u00f3.<\/p>\n","protected":false},"excerpt":{"rendered":"<p>Leandro Cahn le respondi\u00f3 por Twitter a la diputada, que rechaz\u00f3 la legalizaci\u00f3n de la Interrupci\u00f3n Voluntaria del Embarazo en Diputados &nbsp; &nbsp; &nbsp; &nbsp; Elisa Carri\u00f3 difundi\u00f3 este domingo una carta publicada en Facebook en la que dedic\u00f3 unas palabras \u201ca los desesperanzados\u201d por la aprobaci\u00f3n de la legalizaci\u00f3n de la Interrupci\u00f3n Voluntaria del Embarazo (IVE) en la C\u00e1mara de Diputados. La l\u00edder de la Coalici\u00f3n C\u00edvica &#8211; ARI volvi\u00f3 a cuestionar adem\u00e1s la hist\u00f3rica sesi\u00f3n del jueves en la C\u00e1mara Baja. \u201cLos cambios y manipulaciones de votos en&#8230;<\/p>\n","protected":false},"author":3,"featured_media":28701,"comment_status":"closed","ping_status":"closed","sticky":false,"template":"","format":"standard","meta":[],"categories":[9],"tags":[],"_links":{"self":[{"href":"https:\/\/www.actualidadadiario.com\/index.php\/wp-json\/wp\/v2\/posts\/28700"}],"collection":[{"href":"https:\/\/www.actualidadadiario.com\/index.php\/wp-json\/wp\/v2\/posts"}],"about":[{"href":"https:\/\/www.actualidadadiario.com\/index.php\/wp-json\/wp\/v2\/types\/post"}],"author":[{"embeddable":true,"href":"https:\/\/www.actualidadadiario.com\/index.php\/wp-json\/wp\/v2\/users\/3"}],"replies":[{"embeddable":true,"href":"https:\/\/www.actualidadadiario.com\/index.php\/wp-json\/wp\/v2\/comments?post=28700"}],"version-history":[{"count":1,"href":"https:\/\/www.actualidadadiario.com\/index.php\/wp-json\/wp\/v2\/posts\/28700\/revisions"}],"predecessor-version":[{"id":28702,"href":"https:\/\/www.actualidadadiario.com\/index.php\/wp-json\/wp\/v2\/posts\/28700\/revisions\/28702"}],"wp:featuredmedia":[{"embeddable":true,"href":"https:\/\/www.actualidadadiario.com\/index.php\/wp-json\/wp\/v2\/media\/28701"}],"wp:attachment":[{"href":"https:\/\/www.actualidadadiario.com\/index.php\/wp-json\/wp\/v2\/media?parent=28700"}],"wp:term":[{"taxonomy":"category","embeddable":true,"href":"https:\/\/www.actualidadadiario.com\/index.php\/wp-json\/wp\/v2\/categories?post=28700"},{"taxonomy":"post_tag","embeddable":true,"href":"https:\/\/www.actualidadadiario.com\/index.php\/wp-json\/wp\/v2\/tags?post=28700"}],"curies":[{"name":"wp","href":"https:\/\/api.w.org\/{rel}","templated":true}]}}