{"id":28693,"date":"2018-06-18T10:20:47","date_gmt":"2018-06-18T13:20:47","guid":{"rendered":"https:\/\/www.actualidadadiario.com\/?p=28693"},"modified":"2018-11-06T19:43:44","modified_gmt":"2018-11-06T22:43:44","slug":"el-gobierno-apunta-a-que-provincias-y-municipios-revisen-el-empleo-estatal","status":"publish","type":"post","link":"https:\/\/www.actualidadadiario.com\/index.php\/2018\/06\/18\/el-gobierno-apunta-a-que-provincias-y-municipios-revisen-el-empleo-estatal\/","title":{"rendered":"El Gobierno apunta a que provincias y municipios revisen el empleo estatal"},"content":{"rendered":"<p><em><strong>Aunque se produzca un freno en la actividad y la creaci\u00f3n de puestos laborales en el sector privado se complique m\u00e1s de lo pensado, ya no es factible reemplazar empleo privado por p\u00fablico, una pr\u00e1ctica recurrente que llev\u00f3 a que haya un mill\u00f3n de empleados estatales m\u00e1s que los que exist\u00edan en 2008, seg\u00fan datos de FIEL. El Ministerio de Trabajo calcula que hay 2.800.000 trabajadores que cobran un sueldo del Estado de manera formal, pero la cifra trepa a 3.600.000 si se cuenta a quienes facturan y\/o tienen una situaci\u00f3n irregular. En un informe del ministerio de abril de 2017, se contabilizaban 3.490.056 personas en el empleo p\u00fablico total: 740.677 a nivel nacional; 2.297.491 a nivel provincial, y 451.588 a nivel municipal<\/strong><\/em><\/p>\n<p>&nbsp;<\/p>\n<p>&nbsp;<\/p>\n<p>&nbsp;<\/p>\n<p>&nbsp;<\/p>\n<p>Bajar el d\u00e9ficit es central, como se sabe, y el gobierno nacional &#8220;est\u00e1 haciendo un esfuerzo para optimizar los recursos&#8221;, definen en la cartera laboral. En el nuevo informe sobre la estructura y evoluci\u00f3n reciente del empleo y las remuneraciones del sector p\u00fablico nacional, a diciembre de 2017, se puede ver que se logr\u00f3 una baja de la n\u00f3mina de 22.357 puestos con respecto a diciembre de 2016. El sector cuenta con 716.537 empleados y una masa salarial real de $31.990 millones mensuales.<\/p>\n<p>&nbsp;<\/p>\n<p>&#8220;Es muy importante que el esfuerzo que est\u00e1 haciendo el gobierno nacional (para reducir costos y personal) tambi\u00e9n lo hagan las provincias. Hasta ahora no sucedi\u00f3, aunque s\u00ed bajaron un poco las tasas a las que ven\u00eda creciendo el empleo p\u00fablico&#8221;, dicen fuentes de la cartera laboral.<\/p>\n<p>&nbsp;<\/p>\n<p>&#8220;El Presidente y los ministros tienen incidencia en la administraci\u00f3n p\u00fablica central -declaran las fuentes-, un sector que cuenta con 45.449 personas, con una remuneraci\u00f3n media de $40.194&#8221;. Hab\u00eda aumentado un 6,8% su n\u00f3mina en 2015 con respecto a 2014, y el empleo baj\u00f3 un 5,8% en 2016 y otro 3,6% en 2017. La masa salarial pas\u00f3 de $2000 millones en diciembre de 2015 a $1826 millones en el mismo mes de 2017. &#8220;Ac\u00e1 no va a estar el gran logro (en disminuir el gasto) porque es solamente el 7% de la dotaci\u00f3n. Hay que mirar a todo el sector p\u00fablico para poder administrar mejor los recursos&#8221;.<\/p>\n<p>&nbsp;<\/p>\n<p>Ante la pregunta sobre si habr\u00e1 despidos, desde el ministerio dicen que &#8220;se est\u00e1 haciendo todo un trabajo de dotaci\u00f3n \u00f3ptima. M\u00e1s que despidos va a haber un rebalanceo para brindar los mejores servicios&#8221;.<\/p>\n","protected":false},"excerpt":{"rendered":"<p>Aunque se produzca un freno en la actividad y la creaci\u00f3n de puestos laborales en el sector privado se complique m\u00e1s de lo pensado, ya no es factible reemplazar empleo privado por p\u00fablico, una pr\u00e1ctica recurrente que llev\u00f3 a que haya un mill\u00f3n de empleados estatales m\u00e1s que los que exist\u00edan en 2008, seg\u00fan datos de FIEL. El Ministerio de Trabajo calcula que hay 2.800.000 trabajadores que cobran un sueldo del Estado de manera formal, pero la cifra trepa a 3.600.000 si se cuenta a quienes facturan y\/o tienen una&#8230;<\/p>\n","protected":false},"author":3,"featured_media":28694,"comment_status":"closed","ping_status":"closed","sticky":false,"template":"","format":"standard","meta":[],"categories":[2],"tags":[],"_links":{"self":[{"href":"https:\/\/www.actualidadadiario.com\/index.php\/wp-json\/wp\/v2\/posts\/28693"}],"collection":[{"href":"https:\/\/www.actualidadadiario.com\/index.php\/wp-json\/wp\/v2\/posts"}],"about":[{"href":"https:\/\/www.actualidadadiario.com\/index.php\/wp-json\/wp\/v2\/types\/post"}],"author":[{"embeddable":true,"href":"https:\/\/www.actualidadadiario.com\/index.php\/wp-json\/wp\/v2\/users\/3"}],"replies":[{"embeddable":true,"href":"https:\/\/www.actualidadadiario.com\/index.php\/wp-json\/wp\/v2\/comments?post=28693"}],"version-history":[{"count":1,"href":"https:\/\/www.actualidadadiario.com\/index.php\/wp-json\/wp\/v2\/posts\/28693\/revisions"}],"predecessor-version":[{"id":28695,"href":"https:\/\/www.actualidadadiario.com\/index.php\/wp-json\/wp\/v2\/posts\/28693\/revisions\/28695"}],"wp:featuredmedia":[{"embeddable":true,"href":"https:\/\/www.actualidadadiario.com\/index.php\/wp-json\/wp\/v2\/media\/28694"}],"wp:attachment":[{"href":"https:\/\/www.actualidadadiario.com\/index.php\/wp-json\/wp\/v2\/media?parent=28693"}],"wp:term":[{"taxonomy":"category","embeddable":true,"href":"https:\/\/www.actualidadadiario.com\/index.php\/wp-json\/wp\/v2\/categories?post=28693"},{"taxonomy":"post_tag","embeddable":true,"href":"https:\/\/www.actualidadadiario.com\/index.php\/wp-json\/wp\/v2\/tags?post=28693"}],"curies":[{"name":"wp","href":"https:\/\/api.w.org\/{rel}","templated":true}]}}