{"id":28690,"date":"2018-06-18T10:20:01","date_gmt":"2018-06-18T13:20:01","guid":{"rendered":"https:\/\/www.actualidadadiario.com\/?p=28690"},"modified":"2018-11-06T19:43:44","modified_gmt":"2018-11-06T22:43:44","slug":"la-construccion-alerta-por-los-recortes-que-pueda-haber-en-obras-publicas","status":"publish","type":"post","link":"https:\/\/www.actualidadadiario.com\/index.php\/2018\/06\/18\/la-construccion-alerta-por-los-recortes-que-pueda-haber-en-obras-publicas\/","title":{"rendered":"La construcci\u00f3n alerta por los recortes que pueda haber en obras p\u00fablicas"},"content":{"rendered":"<p><em><strong>El presidente de la C\u00e1mara Argentina de la Construcci\u00f3n (CAC), Gustavo Weiss, advirti\u00f3 que si el Gobierno aplica recortes en la obra p\u00fablica continuar\u00e1n los &#8220;problemas&#8221; de cloacas, rutas y ferrocarriles. Un sector que genera 430.000 empleos y donde una parte &#8220;significativa&#8221; de esa cantidad &#8220;corre peligro de tener menos trabajo&#8221; en el caso de que se aplique un ajuste desde el Ejecutivo<\/strong><\/em><\/p>\n<p>&nbsp;<\/p>\n<p>&nbsp;<\/p>\n<p>&nbsp;<\/p>\n<p>&nbsp;<\/p>\n<p>&#8220;El Gobierno nos ha dicho que va a convocar a la oposici\u00f3n en el Congreso para discutir d\u00f3nde cortar los gastos, pero nos anticiparon que lo m\u00e1s f\u00e1cil, directo y r\u00e1pido es la obra p\u00fablica&#8221;, sostuvo Weiss.<\/p>\n<p>&nbsp;<\/p>\n<p>Destac\u00f3 que ese recorte afectar\u00e1, adem\u00e1s, al &#8220;personal indirecto&#8221;, como el vinculado con las f\u00e1bricas de insumos para llevar adelante obras p\u00fablicas.<\/p>\n<p>&nbsp;<\/p>\n<p>&#8220;Esos empleados tambi\u00e9n corren riesgo porque si hay menos demanda de materiales, habr\u00e1 menos trabajo&#8221;, puntualiz\u00f3 en declaraciones radiales y seg\u00fan NA.<\/p>\n<p>&nbsp;<\/p>\n<p>As\u00ed, el empresario insisti\u00f3: &#8220;Nos parece injusto que nuestro personal pueda correr el riesgo de perder su trabajo&#8221;.<\/p>\n<p>&nbsp;<\/p>\n<p>&#8220;Por ah\u00ed, hay sectores muy privilegiados de los tres niveles del Estado, que innecesariamente est\u00e1n ocupando puestos de trabajo, como por ejemplo, las pensiones por incapacidad que en muchos casos, seg\u00fan se comenta, no son tales, nos parece una profunda injusticia&#8221;, cuestion\u00f3.<\/p>\n<p>&nbsp;<\/p>\n<p>Resalt\u00f3 que si el Gobierno aplica el recorte en la obra p\u00fablica, &#8220;van a seguir los problemas de cloacas para la poblaci\u00f3n, de rutas anticuadas para el tr\u00e1nsito de hoy y ferrocarriles que no funcionan&#8221;.<\/p>\n<p>&nbsp;<\/p>\n<p>&#8220;Adem\u00e1s de eso, el pa\u00eds va a seguir sin tener el nivel de inversiones en infraestructura econ\u00f3mica y social necesaria que viene de d\u00e9cadas de poca inversiones&#8221;, analiz\u00f3.<\/p>\n<p>&nbsp;<\/p>\n<p>El empresario, si bien expres\u00f3 su preocupaci\u00f3n por los eventuales ajustes que planea el Gobierno para recortar los gastos del Estado, aclar\u00f3: &#8220;Estamos totalmente de acuerdo con recurrir al Fondo Monetario Internacional&#8221;.<\/p>\n<p>&nbsp;<\/p>\n<p>&#8220;Era necesario para tranquilizar al mercado cambiario, que a\u00fan no est\u00e1 lo tranquilo que deber\u00eda estar&#8221;, evalu\u00f3.<\/p>\n","protected":false},"excerpt":{"rendered":"<p>El presidente de la C\u00e1mara Argentina de la Construcci\u00f3n (CAC), Gustavo Weiss, advirti\u00f3 que si el Gobierno aplica recortes en la obra p\u00fablica continuar\u00e1n los &#8220;problemas&#8221; de cloacas, rutas y ferrocarriles. Un sector que genera 430.000 empleos y donde una parte &#8220;significativa&#8221; de esa cantidad &#8220;corre peligro de tener menos trabajo&#8221; en el caso de que se aplique un ajuste desde el Ejecutivo &nbsp; &nbsp; &nbsp; &nbsp; &#8220;El Gobierno nos ha dicho que va a convocar a la oposici\u00f3n en el Congreso para discutir d\u00f3nde cortar los gastos, pero nos&#8230;<\/p>\n","protected":false},"author":3,"featured_media":28691,"comment_status":"closed","ping_status":"closed","sticky":false,"template":"","format":"standard","meta":[],"categories":[2],"tags":[],"_links":{"self":[{"href":"https:\/\/www.actualidadadiario.com\/index.php\/wp-json\/wp\/v2\/posts\/28690"}],"collection":[{"href":"https:\/\/www.actualidadadiario.com\/index.php\/wp-json\/wp\/v2\/posts"}],"about":[{"href":"https:\/\/www.actualidadadiario.com\/index.php\/wp-json\/wp\/v2\/types\/post"}],"author":[{"embeddable":true,"href":"https:\/\/www.actualidadadiario.com\/index.php\/wp-json\/wp\/v2\/users\/3"}],"replies":[{"embeddable":true,"href":"https:\/\/www.actualidadadiario.com\/index.php\/wp-json\/wp\/v2\/comments?post=28690"}],"version-history":[{"count":1,"href":"https:\/\/www.actualidadadiario.com\/index.php\/wp-json\/wp\/v2\/posts\/28690\/revisions"}],"predecessor-version":[{"id":28692,"href":"https:\/\/www.actualidadadiario.com\/index.php\/wp-json\/wp\/v2\/posts\/28690\/revisions\/28692"}],"wp:featuredmedia":[{"embeddable":true,"href":"https:\/\/www.actualidadadiario.com\/index.php\/wp-json\/wp\/v2\/media\/28691"}],"wp:attachment":[{"href":"https:\/\/www.actualidadadiario.com\/index.php\/wp-json\/wp\/v2\/media?parent=28690"}],"wp:term":[{"taxonomy":"category","embeddable":true,"href":"https:\/\/www.actualidadadiario.com\/index.php\/wp-json\/wp\/v2\/categories?post=28690"},{"taxonomy":"post_tag","embeddable":true,"href":"https:\/\/www.actualidadadiario.com\/index.php\/wp-json\/wp\/v2\/tags?post=28690"}],"curies":[{"name":"wp","href":"https:\/\/api.w.org\/{rel}","templated":true}]}}