{"id":28685,"date":"2018-06-18T10:17:34","date_gmt":"2018-06-18T13:17:34","guid":{"rendered":"https:\/\/www.actualidadadiario.com\/?p=28685"},"modified":"2018-11-06T19:43:49","modified_gmt":"2018-11-06T22:43:49","slug":"advierten-que-el-salario-real-registrado-caera-3-en-promedio-este-ano","status":"publish","type":"post","link":"https:\/\/www.actualidadadiario.com\/index.php\/2018\/06\/18\/advierten-que-el-salario-real-registrado-caera-3-en-promedio-este-ano\/","title":{"rendered":"Advierten que el salario real registrado caer\u00e1 3% en promedio este a\u00f1o"},"content":{"rendered":"<p><em><strong>Un informe de la consultora Ecolatina afirm\u00f3 que &#8220;los salarios crecer\u00e1n nominalmente menos que en 2017&#8221;. Estima que habr\u00e1 que esperar, como m\u00ednimo, hasta 2019 para recuperar el nivel del salario real promedio de 2015<\/strong><\/em><\/p>\n<p>&nbsp;<\/p>\n<p>&nbsp;<\/p>\n<p>&nbsp;<\/p>\n<p>El salario real registrado caer\u00e1 en promedio casi un 3% este a\u00f1o, con una inflaci\u00f3n que ser\u00e1 mayor a la de 2017, seg\u00fan un informe de la consultora Ecolatina difundido ayer.<\/p>\n<p>&nbsp;<\/p>\n<p>El estudio atribuy\u00f3 el alza de la inflaci\u00f3n como &#8220;producto de un a\u00f1o agitado (avance de precios regulados y brusca depreciaci\u00f3n cambiaria)&#8221;, por lo que sostuvo que &#8220;los salarios crecer\u00e1n nominalmente menos que en 2017&#8221;.<\/p>\n<p>&nbsp;<\/p>\n<p>Se\u00f1al\u00f3 que para &#8220;aliviar el deterioro salarial real, el gobierno propuso un incremento adicional de 5% para los sindicatos del sector privado que hayan cerrado paritarias en base a la pauta oficial del 15%.&#8221; Pero destac\u00f3 que &#8220;si la inflaci\u00f3n roza el 30%, la propuesta oficial s\u00f3lo atenuar\u00eda la ca\u00edda del salario real y quedar\u00eda lejos de revertirla&#8221;.<\/p>\n<p>&nbsp;<\/p>\n<p>En ese sentido, analiz\u00f3 que el salario real de los empleados registrados caer\u00eda en promedio casi el 3% este a\u00f1o. Sostuvo que el mayor retroceso salarial corresponder\u00e1 a los empleados p\u00fablicos con un 4,5%, mientras que en las remuneraciones reales del sector privado formal &#8220;la baja ser\u00e1 de 1,5% este a\u00f1o&#8221;.<\/p>\n<p>&nbsp;<\/p>\n<p>En el rengl\u00f3n de los trabajadores no registrados, aunque &#8220;no hay datos actualizados&#8221; prev\u00e9 una ca\u00edda salarial del 5% que &#8220;ser\u00eda incluso mayor por el acotado poder de negociaci\u00f3n en un contexto recesivo&#8221;.<\/p>\n<p>&nbsp;<\/p>\n<p>Ecolatina anticip\u00f3 que &#8220;habr\u00eda que esperar como m\u00ednimo hasta 2019 para recuperar el nivel del salario real promedio de 2015&#8221;. Sostuvo que hay &#8220;una contracci\u00f3n de los ingresos laborales&#8221; que &#8220;golpear\u00e1 la demanda interna, con lo cual el consumo masivo acumular\u00eda su tercer a\u00f1o consecutivo de ca\u00edda&#8221;.<\/p>\n<p>&nbsp;<\/p>\n<p>Agreg\u00f3 que &#8220;el turismo en el exterior y la compra de bienes durables se frenar\u00e1n por la ca\u00edda del ingreso familiar y brusca suba del d\u00f3lar&#8221;. Sobre el acuerdo con el FMI, la consultora record\u00f3 que &#8220;se elimina la meta de inflaci\u00f3n para este a\u00f1o y se endurece el objetivo fiscal&#8221; de 2019 &#8220;por lo que el oficialismo adelantar\u00eda correcciones tarifarias para el \u00faltimo trimestre&#8221; del a\u00f1o &#8220;para reducir el rojo de las arcas p\u00fablicas&#8221;.<\/p>\n<p>&nbsp;<\/p>\n<p>&#8220;En consecuencia, la inflaci\u00f3n dif\u00edcilmente perfore el 2% mensual en los \u00faltimos meses del a\u00f1o, cerrando 2018 incluso por encima de las \u00faltimas proyecciones del REM (27%)&#8221;, concluy\u00f3 Ecolatina.<\/p>\n","protected":false},"excerpt":{"rendered":"<p>Un informe de la consultora Ecolatina afirm\u00f3 que &#8220;los salarios crecer\u00e1n nominalmente menos que en 2017&#8221;. Estima que habr\u00e1 que esperar, como m\u00ednimo, hasta 2019 para recuperar el nivel del salario real promedio de 2015 &nbsp; &nbsp; &nbsp; El salario real registrado caer\u00e1 en promedio casi un 3% este a\u00f1o, con una inflaci\u00f3n que ser\u00e1 mayor a la de 2017, seg\u00fan un informe de la consultora Ecolatina difundido ayer. &nbsp; El estudio atribuy\u00f3 el alza de la inflaci\u00f3n como &#8220;producto de un a\u00f1o agitado (avance de precios regulados y brusca&#8230;<\/p>\n","protected":false},"author":3,"featured_media":28686,"comment_status":"closed","ping_status":"closed","sticky":false,"template":"","format":"standard","meta":[],"categories":[2],"tags":[],"_links":{"self":[{"href":"https:\/\/www.actualidadadiario.com\/index.php\/wp-json\/wp\/v2\/posts\/28685"}],"collection":[{"href":"https:\/\/www.actualidadadiario.com\/index.php\/wp-json\/wp\/v2\/posts"}],"about":[{"href":"https:\/\/www.actualidadadiario.com\/index.php\/wp-json\/wp\/v2\/types\/post"}],"author":[{"embeddable":true,"href":"https:\/\/www.actualidadadiario.com\/index.php\/wp-json\/wp\/v2\/users\/3"}],"replies":[{"embeddable":true,"href":"https:\/\/www.actualidadadiario.com\/index.php\/wp-json\/wp\/v2\/comments?post=28685"}],"version-history":[{"count":1,"href":"https:\/\/www.actualidadadiario.com\/index.php\/wp-json\/wp\/v2\/posts\/28685\/revisions"}],"predecessor-version":[{"id":28687,"href":"https:\/\/www.actualidadadiario.com\/index.php\/wp-json\/wp\/v2\/posts\/28685\/revisions\/28687"}],"wp:featuredmedia":[{"embeddable":true,"href":"https:\/\/www.actualidadadiario.com\/index.php\/wp-json\/wp\/v2\/media\/28686"}],"wp:attachment":[{"href":"https:\/\/www.actualidadadiario.com\/index.php\/wp-json\/wp\/v2\/media?parent=28685"}],"wp:term":[{"taxonomy":"category","embeddable":true,"href":"https:\/\/www.actualidadadiario.com\/index.php\/wp-json\/wp\/v2\/categories?post=28685"},{"taxonomy":"post_tag","embeddable":true,"href":"https:\/\/www.actualidadadiario.com\/index.php\/wp-json\/wp\/v2\/tags?post=28685"}],"curies":[{"name":"wp","href":"https:\/\/api.w.org\/{rel}","templated":true}]}}