{"id":28679,"date":"2018-06-18T10:15:58","date_gmt":"2018-06-18T13:15:58","guid":{"rendered":"https:\/\/www.actualidadadiario.com\/?p=28679"},"modified":"2018-11-06T19:43:49","modified_gmt":"2018-11-06T22:43:49","slug":"las-ventas-por-el-dia-del-padre-cayeron-en-un-64-por-ciento","status":"publish","type":"post","link":"https:\/\/www.actualidadadiario.com\/index.php\/2018\/06\/18\/las-ventas-por-el-dia-del-padre-cayeron-en-un-64-por-ciento\/","title":{"rendered":"Las ventas por el D\u00eda del Padre cayeron en un 6,4 por ciento"},"content":{"rendered":"<p><em><strong>As\u00ed lo inform\u00f3 este domingo la Confederaci\u00f3n Argentina de la Mediana Empresa. Ya el a\u00f1o pasado para la misma fecha los n\u00fameros se habr\u00edan retra\u00eddo en un 3,7 por ciento<\/strong><\/em><\/p>\n<p>&nbsp;<\/p>\n<p>&nbsp;<\/p>\n<p>&nbsp;<\/p>\n<p>&nbsp;<\/p>\n<p>Las cantidades vendidas por los comercios minoristas por el D\u00eda del Padre tuvieron un descenso del 6,4 por ciento frente a igual fecha del a\u00f1o pasado, inform\u00f3 este domingo la Confederaci\u00f3n Argentina de la Mediana Empresa (CAME).<\/p>\n<p>&nbsp;<\/p>\n<p>La baja es importante si se tiene en cuenta que el a\u00f1o pasado para la misma jornada los n\u00fameros se hab\u00edan retra\u00eddo un 3,7 por ciento.<\/p>\n<p>&nbsp;<\/p>\n<p>El ticket promedio se ubic\u00f3 en 680 pesos, un 19,2% por encima del 2017, pero la inflaci\u00f3n anual fue superior, lo que muestra el cuidado del consumo.<\/p>\n<p>&nbsp;<\/p>\n<p>El D\u00eda del Padre igualmente es una fecha que comercialmente viene perdiendo peso en los \u00faltimos a\u00f1os, ya que se prioriza m\u00e1s el encuentro con la familia que el regalo en s\u00ed.<\/p>\n","protected":false},"excerpt":{"rendered":"<p>As\u00ed lo inform\u00f3 este domingo la Confederaci\u00f3n Argentina de la Mediana Empresa. Ya el a\u00f1o pasado para la misma fecha los n\u00fameros se habr\u00edan retra\u00eddo en un 3,7 por ciento &nbsp; &nbsp; &nbsp; &nbsp; Las cantidades vendidas por los comercios minoristas por el D\u00eda del Padre tuvieron un descenso del 6,4 por ciento frente a igual fecha del a\u00f1o pasado, inform\u00f3 este domingo la Confederaci\u00f3n Argentina de la Mediana Empresa (CAME). &nbsp; La baja es importante si se tiene en cuenta que el a\u00f1o pasado para la misma jornada los&#8230;<\/p>\n","protected":false},"author":3,"featured_media":28680,"comment_status":"closed","ping_status":"closed","sticky":false,"template":"","format":"standard","meta":[],"categories":[2],"tags":[],"_links":{"self":[{"href":"https:\/\/www.actualidadadiario.com\/index.php\/wp-json\/wp\/v2\/posts\/28679"}],"collection":[{"href":"https:\/\/www.actualidadadiario.com\/index.php\/wp-json\/wp\/v2\/posts"}],"about":[{"href":"https:\/\/www.actualidadadiario.com\/index.php\/wp-json\/wp\/v2\/types\/post"}],"author":[{"embeddable":true,"href":"https:\/\/www.actualidadadiario.com\/index.php\/wp-json\/wp\/v2\/users\/3"}],"replies":[{"embeddable":true,"href":"https:\/\/www.actualidadadiario.com\/index.php\/wp-json\/wp\/v2\/comments?post=28679"}],"version-history":[{"count":1,"href":"https:\/\/www.actualidadadiario.com\/index.php\/wp-json\/wp\/v2\/posts\/28679\/revisions"}],"predecessor-version":[{"id":28681,"href":"https:\/\/www.actualidadadiario.com\/index.php\/wp-json\/wp\/v2\/posts\/28679\/revisions\/28681"}],"wp:featuredmedia":[{"embeddable":true,"href":"https:\/\/www.actualidadadiario.com\/index.php\/wp-json\/wp\/v2\/media\/28680"}],"wp:attachment":[{"href":"https:\/\/www.actualidadadiario.com\/index.php\/wp-json\/wp\/v2\/media?parent=28679"}],"wp:term":[{"taxonomy":"category","embeddable":true,"href":"https:\/\/www.actualidadadiario.com\/index.php\/wp-json\/wp\/v2\/categories?post=28679"},{"taxonomy":"post_tag","embeddable":true,"href":"https:\/\/www.actualidadadiario.com\/index.php\/wp-json\/wp\/v2\/tags?post=28679"}],"curies":[{"name":"wp","href":"https:\/\/api.w.org\/{rel}","templated":true}]}}