{"id":28673,"date":"2018-06-18T10:14:00","date_gmt":"2018-06-18T13:14:00","guid":{"rendered":"https:\/\/www.actualidadadiario.com\/?p=28673"},"modified":"2018-11-06T19:43:49","modified_gmt":"2018-11-06T22:43:49","slug":"comienza-la-ultima-semana-del-juicio-y-hoy-podrian-declarar-los-padres-de-nahir","status":"publish","type":"post","link":"https:\/\/www.actualidadadiario.com\/index.php\/2018\/06\/18\/comienza-la-ultima-semana-del-juicio-y-hoy-podrian-declarar-los-padres-de-nahir\/","title":{"rendered":"Comienza la \u00faltima semana del juicio y hoy podr\u00edan declarar los padres de Nahir"},"content":{"rendered":"<p><em><strong>Marcelo Galarza y Yamina Kroh podr\u00edan ser los primeros convocados por la defensa de Jos\u00e9 Ostolaza en declarar. Para este lunes tambi\u00e9n se espera la conclusi\u00f3n de los consultores t\u00e9cnicos que intervinieron durante las audiencias donde se debati\u00f3 el informe bal\u00edstico y el psiqui\u00e1trico<\/strong><\/em><\/p>\n<p>&nbsp;<\/p>\n<p>&nbsp;<\/p>\n<p>&nbsp;<\/p>\n<p>&nbsp;<\/p>\n<p>Los padres de la imputada hasta el momento no han presenciado ninguna audiencia porque figuran entre los testigos que han sido convocados a declarar y hasta tanto no lo hagan, no podr\u00e1n acudir a las audiencias. Es por ello que se cree que pueden ser los primeros convocados este lunes a declarar, para posteriormente escuchar el testimonio del resto de los declarantes.<\/p>\n<p>&nbsp;<\/p>\n<p>Galarza y su esposa acudieron a los Tribunales para el inicio del juicio. Llegaron pocos minutos despu\u00e9s que lo hizo su hija, pero debieron abandonar r\u00e1pidamente el lugar cuando se les inform\u00f3 que no pod\u00eda estar presentes hasta tanto no sean llamados a declarar. Esto podr\u00eda cambiar hoy, aunque el defensor Jos\u00e9 Ostolaza prefiri\u00f3 el silencio y no confirmar la presencia de ambos.<\/p>\n<p>&nbsp;<\/p>\n<p>Tambi\u00e9n prestar\u00e1n declaraci\u00f3n los consultores t\u00e9cnicos que hasta el momento no han dado su informe al Tribunal. Primero ser\u00e1 Edgardo Crespo, el perito experto en Criminal\u00edstica que acompa\u00f1\u00f3 al querellante Juan Carlos Peragallo en la quinta audiencia. Luego declarar\u00e1 Gladys Tobar, una psic\u00f3loga que acompa\u00f1\u00f3 el jueves a la defensa, que volcar\u00e1 su opini\u00f3n sobre las pericias mentales. Por \u00faltimo, para hoy est\u00e1 prevista la presencia de una psic\u00f3loga convocada por el querellante Rub\u00e9n Viru\u00e9 que tambi\u00e9n brindar\u00e1 su parecer sobre el perfil psicol\u00f3gico de la imputada.<\/p>\n<p>&nbsp;<\/p>\n<p>Ser\u00e1 la \u00faltima semana de audiencias, o por lo menos as\u00ed se espera, porque existe la posibilidad que debido a la cantidad de testigos que a\u00fan falta declarar, el jueves se realicen los alegatos de clausura de las querellas y de la Fiscal\u00eda y si se extienden demasiado, pasar\u00eda al lunes el alegato de la defensa.<\/p>\n<p>&nbsp;<\/p>\n<p>Hasta el momento todo se viene desarrollando de manera normal, cumpli\u00e9ndose con los pasos previstos desde un principio, pero la din\u00e1mica del juicio puede alterarse por cualquier imprevisto. Si todo se realiza de acuerdo a lo establecido desde el d\u00eda uno, el jueves 28 de junio podr\u00eda conocerse el adelanto del veredicto, inform\u00f3 El D\u00eda.<\/p>\n","protected":false},"excerpt":{"rendered":"<p>Marcelo Galarza y Yamina Kroh podr\u00edan ser los primeros convocados por la defensa de Jos\u00e9 Ostolaza en declarar. Para este lunes tambi\u00e9n se espera la conclusi\u00f3n de los consultores t\u00e9cnicos que intervinieron durante las audiencias donde se debati\u00f3 el informe bal\u00edstico y el psiqui\u00e1trico &nbsp; &nbsp; &nbsp; &nbsp; Los padres de la imputada hasta el momento no han presenciado ninguna audiencia porque figuran entre los testigos que han sido convocados a declarar y hasta tanto no lo hagan, no podr\u00e1n acudir a las audiencias. Es por ello que se cree&#8230;<\/p>\n","protected":false},"author":3,"featured_media":28674,"comment_status":"closed","ping_status":"closed","sticky":false,"template":"","format":"standard","meta":[],"categories":[15],"tags":[],"_links":{"self":[{"href":"https:\/\/www.actualidadadiario.com\/index.php\/wp-json\/wp\/v2\/posts\/28673"}],"collection":[{"href":"https:\/\/www.actualidadadiario.com\/index.php\/wp-json\/wp\/v2\/posts"}],"about":[{"href":"https:\/\/www.actualidadadiario.com\/index.php\/wp-json\/wp\/v2\/types\/post"}],"author":[{"embeddable":true,"href":"https:\/\/www.actualidadadiario.com\/index.php\/wp-json\/wp\/v2\/users\/3"}],"replies":[{"embeddable":true,"href":"https:\/\/www.actualidadadiario.com\/index.php\/wp-json\/wp\/v2\/comments?post=28673"}],"version-history":[{"count":1,"href":"https:\/\/www.actualidadadiario.com\/index.php\/wp-json\/wp\/v2\/posts\/28673\/revisions"}],"predecessor-version":[{"id":28675,"href":"https:\/\/www.actualidadadiario.com\/index.php\/wp-json\/wp\/v2\/posts\/28673\/revisions\/28675"}],"wp:featuredmedia":[{"embeddable":true,"href":"https:\/\/www.actualidadadiario.com\/index.php\/wp-json\/wp\/v2\/media\/28674"}],"wp:attachment":[{"href":"https:\/\/www.actualidadadiario.com\/index.php\/wp-json\/wp\/v2\/media?parent=28673"}],"wp:term":[{"taxonomy":"category","embeddable":true,"href":"https:\/\/www.actualidadadiario.com\/index.php\/wp-json\/wp\/v2\/categories?post=28673"},{"taxonomy":"post_tag","embeddable":true,"href":"https:\/\/www.actualidadadiario.com\/index.php\/wp-json\/wp\/v2\/tags?post=28673"}],"curies":[{"name":"wp","href":"https:\/\/api.w.org\/{rel}","templated":true}]}}