{"id":28671,"date":"2018-06-18T10:12:49","date_gmt":"2018-06-18T13:12:49","guid":{"rendered":"https:\/\/www.actualidadadiario.com\/?p=28671"},"modified":"2018-11-06T19:43:49","modified_gmt":"2018-11-06T22:43:49","slug":"la-provincia-amplia-beneficios-fiscales-al-sector-comercial-entrerriano","status":"publish","type":"post","link":"https:\/\/www.actualidadadiario.com\/index.php\/2018\/06\/18\/la-provincia-amplia-beneficios-fiscales-al-sector-comercial-entrerriano\/","title":{"rendered":"La provincia ampl\u00eda beneficios fiscales al sector comercial entrerriano"},"content":{"rendered":"<p><em><strong>A trav\u00e9s de un esquema especial de facilidades aprobado por la Legislatura, unos 4.000 comercios podr\u00e1n estar al d\u00eda con sus obligaciones y de esa forma acceder a la plena reducci\u00f3n de al\u00edcuotas que otorga la ley 10.557 desde 2018<\/strong><\/em><\/p>\n<p>&nbsp;<\/p>\n<p>&nbsp;<\/p>\n<p>&nbsp;<\/p>\n<p>Hasta el 30 de junio hay tiempo para iniciar el tr\u00e1mite de adhesi\u00f3n y hasta el 13 de julio para concretar la suscripci\u00f3n. Prev\u00e9 quita total de multas y fuerte reducci\u00f3n de intereses.<\/p>\n<p>&nbsp;<\/p>\n<p>En el marco de las pol\u00edticas provinciales que apuntan a morigerar los efectos negativos de las pol\u00edticas macroeconomicas sobre la actividad comercial entrerriana a trav\u00e9s de la Administradora Tributaria la provincia pone en vigencia un R\u00e9gimen Especial de regularizaci\u00f3n de deudas orientado exclusivamente al sector con el objeto de posibilitar de forma inmediata que unos 4000 contribuyentes tengan la posibilidad de disminuir a\u00fan m\u00e1s su carga tributaria, accediendo a la menor al\u00edcuota dispuesta en la Ley 10.557.<\/p>\n<p>&nbsp;<\/p>\n<p>El Director Ejecutivo de ATER, Sergio Granetto, se\u00f1al\u00f3 que la medida &#8220;representa la voluntad del gobierno de acompa\u00f1ar los sectores que hoy m\u00e1s lo necesitan frente al grave panorama macroecon\u00f3mico que se visualiza por el deterioro del mercado interno y del consumo, sin desfinanciar los deberes del Estado, que cada vez son m\u00e1s y donde Gobernador ha ordenado incrementar las partidas destinadas a estos fines&#8221; dijo.<\/p>\n<p>&nbsp;<\/p>\n<p>En esa l\u00ednea, record\u00f3 que &#8220;a esta posibilidad le preceden otras quitas y rebajas como la exenci\u00f3n total del inmobiliario a miles de jubilados y pensionadas, la eliminaci\u00f3n baja de al\u00edcuotas en diversos impuestos y la exigencia de cumplimiento al d\u00eda a los deudores de mayor capacidad contributiva&#8221; enumer\u00f3.<\/p>\n<p>&nbsp;<\/p>\n<p>A partir de la plena vigencia de la Reforma Impositiva, el 75% de los contribuyentes del sector comercial goza de la al\u00edcuota m\u00e1s baja fruto de la buena conducta tributaria demostrada. Este nuevo criterio incluido en la Ley ya beneficia a casi 15.000 empresas. El 25% restante, tendr\u00e1 la posibilidad de regularizar su situaci\u00f3n por \u00fanica vez y acceder inmediatamente a la al\u00edcuota del 3,5% -para el caso de los contribuyentes micro y peque\u00f1o con facturaci\u00f3n anual de hasta 75 millones- o, del 4% para el caso de los contribuyentes medianos I y II con facturaci\u00f3n anual de hasta 900 millones.<\/p>\n<p>&nbsp;<\/p>\n<p>Acerca del sector comercial entrerriano desde donde se pide a la provincia p\u00fablicamente, Granetto manifest\u00f3 su preocupaci\u00f3n por el impacto negativo de las variables macroecon\u00f3micas sobre la econom\u00eda en su conjunto y se\u00f1alando que &#8220;lo que verdaderamente hoy explica que muchos comerciantes entrerrianos tengan dificultades es la ca\u00edda de las ventas por la situaci\u00f3n del mercado interno, fruto de la inflaci\u00f3n, la especulaci\u00f3n financiera \u2013con tasas de inter\u00e9s de inter\u00e9s que ahogan la actividad econ\u00f3mica-, el aumento de las tarifas&#8221; enumer\u00f3.<\/p>\n<p>&nbsp;<\/p>\n<p>&nbsp;<\/p>\n<p><strong>Quita total de multas y reducci\u00f3n de intereses<\/strong><\/p>\n<p>Una de las ventajas del nuevo esquema es que prev\u00e9 la quita total de multas y una fuerte quita de intereses \u2013 casi total-, adem\u00e1s de permitir pagar menos impuestos hacia adelante.<\/p>\n<p>&nbsp;<\/p>\n<p>&nbsp;<\/p>\n<p><strong>El tr\u00e1mite de adhesi\u00f3n se iniciar\u00e1 onlime<\/strong><\/p>\n<p>Por su parte, desde el \u00e1rea de interior de ATER, explicaron que desde el pr\u00f3ximo viernes 15 de junio estar\u00e1 disponible la aplicaci\u00f3n web para comenzar y que a diferencia de otros reg\u00edmenes anteriores, la tramitaci\u00f3n del acogimiento ser\u00e1 desdoblada en dos instancias. Comenzando con la manifestaci\u00f3n voluntaria de acogimiento a trav\u00e9s de los servicios web de ATER con clave fiscal -con plazo \u00fanico hasta el 30 de Junio- y el otorgamiento de una constancia habilitante para la suscripci\u00f3n del plan. Y, una segunda -con plazo fijado hasta el 13 de Julio- que se completa con la concurrencia y la efectiva suscripci\u00f3n del plan a la oficina de representaci\u00f3n asignada.<\/p>\n<p>&nbsp;<\/p>\n<p>&nbsp;<\/p>\n<p><strong>El r\u00e9gimen no prev\u00e9 pr\u00f3rrogas<\/strong><\/p>\n<p>Asimismo, se advirti\u00f3 que el plazo para manifestar la voluntad de adhesi\u00f3n v\u00eda web qued\u00f3 fijado por la propia Ley hasta el 30 de junio, siendo por ende de car\u00e1cter improrrogable. Y se enfatiz\u00f3 que la instancia de concurrencia a suscribir de planes estar\u00e1 condicionada por el debido cumplimiento de deberes formales, encuadres u otras circunstancias requeridas al momento de obtener la constancia de adhesi\u00f3n v\u00eda web.<\/p>\n<p>&nbsp;<\/p>\n<p>Finalmente, indicaron que el esquema de facilidades ser\u00e1 optativo, pudiendo saldar la deuda mediante un anticipo \u00fanico hasta el 20 de julio -y aplicando la reducci\u00f3n de al\u00edcuota el 1\u00b0 de agosto- o bien mediante un anticipo y 2 cuotas con vencimiento el 28 de septiembre &#8211; con acceso a la nueva al\u00edcuota el 1 de octubre.<\/p>\n<p>&nbsp;<\/p>\n<p>Para mayor informaci\u00f3n, se\u00f1alaron que desde la web del organismo www.ater.gob.ar ya se encuentran disponibles todos los detalles y condiciones para la gesti\u00f3n del beneficio.<\/p>\n","protected":false},"excerpt":{"rendered":"<p>A trav\u00e9s de un esquema especial de facilidades aprobado por la Legislatura, unos 4.000 comercios podr\u00e1n estar al d\u00eda con sus obligaciones y de esa forma acceder a la plena reducci\u00f3n de al\u00edcuotas que otorga la ley 10.557 desde 2018 &nbsp; &nbsp; &nbsp; Hasta el 30 de junio hay tiempo para iniciar el tr\u00e1mite de adhesi\u00f3n y hasta el 13 de julio para concretar la suscripci\u00f3n. Prev\u00e9 quita total de multas y fuerte reducci\u00f3n de intereses. &nbsp; En el marco de las pol\u00edticas provinciales que apuntan a morigerar los efectos&#8230;<\/p>\n","protected":false},"author":3,"featured_media":9091,"comment_status":"closed","ping_status":"closed","sticky":false,"template":"","format":"standard","meta":[],"categories":[15],"tags":[],"_links":{"self":[{"href":"https:\/\/www.actualidadadiario.com\/index.php\/wp-json\/wp\/v2\/posts\/28671"}],"collection":[{"href":"https:\/\/www.actualidadadiario.com\/index.php\/wp-json\/wp\/v2\/posts"}],"about":[{"href":"https:\/\/www.actualidadadiario.com\/index.php\/wp-json\/wp\/v2\/types\/post"}],"author":[{"embeddable":true,"href":"https:\/\/www.actualidadadiario.com\/index.php\/wp-json\/wp\/v2\/users\/3"}],"replies":[{"embeddable":true,"href":"https:\/\/www.actualidadadiario.com\/index.php\/wp-json\/wp\/v2\/comments?post=28671"}],"version-history":[{"count":1,"href":"https:\/\/www.actualidadadiario.com\/index.php\/wp-json\/wp\/v2\/posts\/28671\/revisions"}],"predecessor-version":[{"id":28672,"href":"https:\/\/www.actualidadadiario.com\/index.php\/wp-json\/wp\/v2\/posts\/28671\/revisions\/28672"}],"wp:featuredmedia":[{"embeddable":true,"href":"https:\/\/www.actualidadadiario.com\/index.php\/wp-json\/wp\/v2\/media\/9091"}],"wp:attachment":[{"href":"https:\/\/www.actualidadadiario.com\/index.php\/wp-json\/wp\/v2\/media?parent=28671"}],"wp:term":[{"taxonomy":"category","embeddable":true,"href":"https:\/\/www.actualidadadiario.com\/index.php\/wp-json\/wp\/v2\/categories?post=28671"},{"taxonomy":"post_tag","embeddable":true,"href":"https:\/\/www.actualidadadiario.com\/index.php\/wp-json\/wp\/v2\/tags?post=28671"}],"curies":[{"name":"wp","href":"https:\/\/api.w.org\/{rel}","templated":true}]}}