{"id":28665,"date":"2018-06-18T10:11:12","date_gmt":"2018-06-18T13:11:12","guid":{"rendered":"https:\/\/www.actualidadadiario.com\/?p=28665"},"modified":"2018-11-06T19:43:49","modified_gmt":"2018-11-06T22:43:49","slug":"destacan-a-entre-rios-por-el-primer-ano-de-desarrollo-de-la-campana-crianza-sin-violencia","status":"publish","type":"post","link":"https:\/\/www.actualidadadiario.com\/index.php\/2018\/06\/18\/destacan-a-entre-rios-por-el-primer-ano-de-desarrollo-de-la-campana-crianza-sin-violencia\/","title":{"rendered":"Destacan a Entre R\u00edos por el primer a\u00f1o de desarrollo de la Campa\u00f1a Crianza sin Violencia"},"content":{"rendered":"<p><em><strong>Invitado por Unicef Argentina, el Consejo Provincial del Ni\u00f1o, el Adolescente y la Familia present\u00f3 el balance del primer a\u00f1o de desarrollo de la campa\u00f1a en contra del maltrato infantil Crianza sin Violencia. El gobierno provincial lo implementa junto a esta entidad internacional desde julio de 2017<\/strong><\/em><\/p>\n<p>&nbsp;<\/p>\n<p>&nbsp;<\/p>\n<p>&nbsp;<\/p>\n<p>&nbsp;<\/p>\n<p>&nbsp;<\/p>\n<p>La presidenta del Consejo Provincial del Ni\u00f1o, el Adolescente y la Familia (Copnaf), Marisa Paira, explic\u00f3 que \u201cUnicef felicit\u00f3 a Entre R\u00edos, por ser hasta ahora la \u00fanica provincia que dentro de los criterios de acciones que desarrolla la campa\u00f1a, implement\u00f3 la l\u00ednea de capacitaci\u00f3n destinada a periodistas y titulares de medios de comunicaci\u00f3n para concientizar en el abordaje period\u00edstico de distintas problem\u00e1ticas de ni\u00f1ez y adolescencia, que necesitan el tratamiento cuidado con terminolog\u00eda espec\u00edfica, libre de estereotipos y revictimizaciones\u201d.<\/p>\n<p>&nbsp;<\/p>\n<p>\u201cDesde que en julio del a\u00f1o pasado el gobernador Gustavo Bordet, acord\u00f3 este trabajo en conjunto con Unicef, se realiza en el marco de una pol\u00edtica de descentralizaci\u00f3n en territorio, que apunta a que todos los ni\u00f1os y adolescentes accedan a sus derechos cualquiera sea la localidad y departamento de la provincia en donde vivan\u201d, agreg\u00f3.<\/p>\n<p>&nbsp;<\/p>\n<p>Paira destac\u00f3 que \u201cse presentaron las experiencias desarrolladas en los departamentos Concordia, Gualeguaych\u00fa e Islas del Ibicuy\u201d. Por eso junto a la titular participaron las coordinadoras departamentales Sof\u00eda Rossi (Gualeguaych\u00fa), Ana Bastos (Islas del Ibicuy), Vanesa Aparicio (coordinadora del \u00c1rea de Capacitaci\u00f3n y Recursos Humanos del Copnaf; y equipos t\u00e9cnicos integrados por Cecilia Bentancourt y Delfina Goiburu (ambas de Gualeguaych\u00fa) y Julieta Thouliet y Gabriela Conti (por Concordia).<\/p>\n<p>&nbsp;<\/p>\n<p>&nbsp;<\/p>\n<p><strong>Detalles de la actividad y las acciones entrerrianas<\/strong><\/p>\n<p>Fue una reuni\u00f3n donde participaron representantes de Buenos Aires, Santiago del Estero, Salta y Entre R\u00edos y presentaron los distintos modelos que se vienen trabajando en cada una de las provincias. Y fue coordinada por Unicef junto a el Encuentro Latinoamericano de Justicia y G\u00e9nero (ELA), y Encuentro Entre Padres, estas dos \u00faltimas entidades son las que llevaron adelante el programa de capacitaci\u00f3n para profesionales que se desarrollaron entre octubre y noviembre en Paran\u00e1 \u2013en el marco de la campa\u00f1a- en la que participaron 35 profesionales de las coordinaciones del Copnaf de los distintos departamentos de la provincia.<\/p>\n<p>&nbsp;<\/p>\n<p>La particularidad de la campa\u00f1a en Entre R\u00edos es que incluye por una lado lo que tiene que ver con la formaci\u00f3n de profesionales y operadores del campo de la ni\u00f1ez, espacios de sensibilizaci\u00f3n en toda la comunidad, espacios de talleres para padres; y por otra parte incluye talleres para periodistas sobre el tratamiento de las noticias vinculadas a ni\u00f1as, ni\u00f1os y adolescentes en los distintos formatos de medios de comunicaci\u00f3n, y en lo que respecta al abordaje de las problem\u00e1ticas en torno a todos ellos; y por otro lado contempla adem\u00e1s, la elaboraci\u00f3n de un Protocolo Interministerial de Actuaci\u00f3n en caso de Maltrato Infantil en el seno Familiar, que est\u00e1 siendo elaborado en forma conjunta con la mesa intersectorial coordinada por Coprev.<\/p>\n<p>&nbsp;<\/p>\n<p>La idea del encuentro era poner en com\u00fan las particularidades que la campa\u00f1a va tomando en cada una de las provincias, compartir las experiencias y poder tomar las propuestas de trabajo que se van implementando en algunos lugares para cada uno de los territorios. La campa\u00f1a de Entre R\u00edos se distingue es su alcance provincial, porque por un lado incluye la participaci\u00f3n articulada de los distintos efectores del Estado en su implementaci\u00f3n y por otro lado la fuerte impronta territorial que se la ha asignado al programa promoviendo de que cada uno de los departamentos de la provincia elabore su propia estrategia de implementaci\u00f3n a su vez.<\/p>\n<p>&nbsp;<\/p>\n<p>&nbsp;<\/p>\n<p><strong>Sobre la campa\u00f1a<\/strong><\/p>\n<p>La campa\u00f1a Crianza sin Violencia se ubica en el marco de la cooperaci\u00f3n entre Unicef y el gobierno de Entre R\u00edos, y se completa con el trabajo que se realizar\u00e1 junto a Copnaf, Equipo Latinoamericano de Justicia y G\u00e9nero (ELA) y Encuentro Entre Padres en el abordaje de esta problem\u00e1tica. En ese marco desde hace un a\u00f1o se dictan talleres para padres, madres y adultos responsables que brindan herramientas para promover pr\u00e1cticas de disciplina libres de violencia. Estos talleres son una invitaci\u00f3n a que los adultos conf\u00eden en ellos mismos y aprendan a resolver, desandar y reparar el camino cuando piensan que se equivocaron, a reflexionar sobre los roles y a buscar la ayuda de otros pares.<\/p>\n","protected":false},"excerpt":{"rendered":"<p>Invitado por Unicef Argentina, el Consejo Provincial del Ni\u00f1o, el Adolescente y la Familia present\u00f3 el balance del primer a\u00f1o de desarrollo de la campa\u00f1a en contra del maltrato infantil Crianza sin Violencia. El gobierno provincial lo implementa junto a esta entidad internacional desde julio de 2017 &nbsp; &nbsp; &nbsp; &nbsp; &nbsp; La presidenta del Consejo Provincial del Ni\u00f1o, el Adolescente y la Familia (Copnaf), Marisa Paira, explic\u00f3 que \u201cUnicef felicit\u00f3 a Entre R\u00edos, por ser hasta ahora la \u00fanica provincia que dentro de los criterios de acciones que desarrolla&#8230;<\/p>\n","protected":false},"author":3,"featured_media":28666,"comment_status":"closed","ping_status":"closed","sticky":false,"template":"","format":"standard","meta":[],"categories":[15],"tags":[],"_links":{"self":[{"href":"https:\/\/www.actualidadadiario.com\/index.php\/wp-json\/wp\/v2\/posts\/28665"}],"collection":[{"href":"https:\/\/www.actualidadadiario.com\/index.php\/wp-json\/wp\/v2\/posts"}],"about":[{"href":"https:\/\/www.actualidadadiario.com\/index.php\/wp-json\/wp\/v2\/types\/post"}],"author":[{"embeddable":true,"href":"https:\/\/www.actualidadadiario.com\/index.php\/wp-json\/wp\/v2\/users\/3"}],"replies":[{"embeddable":true,"href":"https:\/\/www.actualidadadiario.com\/index.php\/wp-json\/wp\/v2\/comments?post=28665"}],"version-history":[{"count":1,"href":"https:\/\/www.actualidadadiario.com\/index.php\/wp-json\/wp\/v2\/posts\/28665\/revisions"}],"predecessor-version":[{"id":28667,"href":"https:\/\/www.actualidadadiario.com\/index.php\/wp-json\/wp\/v2\/posts\/28665\/revisions\/28667"}],"wp:featuredmedia":[{"embeddable":true,"href":"https:\/\/www.actualidadadiario.com\/index.php\/wp-json\/wp\/v2\/media\/28666"}],"wp:attachment":[{"href":"https:\/\/www.actualidadadiario.com\/index.php\/wp-json\/wp\/v2\/media?parent=28665"}],"wp:term":[{"taxonomy":"category","embeddable":true,"href":"https:\/\/www.actualidadadiario.com\/index.php\/wp-json\/wp\/v2\/categories?post=28665"},{"taxonomy":"post_tag","embeddable":true,"href":"https:\/\/www.actualidadadiario.com\/index.php\/wp-json\/wp\/v2\/tags?post=28665"}],"curies":[{"name":"wp","href":"https:\/\/api.w.org\/{rel}","templated":true}]}}