{"id":28649,"date":"2018-06-15T12:12:33","date_gmt":"2018-06-15T15:12:33","guid":{"rendered":"https:\/\/www.actualidadadiario.com\/?p=28649"},"modified":"2019-05-06T20:57:30","modified_gmt":"2019-05-06T23:57:30","slug":"disregulacion-emocional-tics-y-frialdad-el-perfil-psicologico-de-nahir-galarza","status":"publish","type":"post","link":"https:\/\/www.actualidadadiario.com\/index.php\/2018\/06\/15\/disregulacion-emocional-tics-y-frialdad-el-perfil-psicologico-de-nahir-galarza\/","title":{"rendered":"&#8216;Disregulaci\u00f3n emocional&#8217;, &#8216;tics&#8217; y &#8216;frialdad&#8217;: el perfil psicol\u00f3gico de Nahir Galarza"},"content":{"rendered":"<p><em><strong>Con an\u00e1lisis dispares, los peritos psiqui\u00e1tricos de la causa declararon en la sexta audiencia del debate oral. C\u00f3mo funciona la mente de la joven<\/strong><\/em><\/p>\n<p>&nbsp;<\/p>\n<p>&nbsp;<\/p>\n<p>&nbsp;<\/p>\n<p>El perito psiqui\u00e1trico designado por el Ministerio P\u00fablico Fiscal para entrevistar a Nahir Galarza, Sim\u00f3n Gighlione, declar\u00f3 este jueves durante la sexta audiencia del debate oral por el asesinato de Fernando Pastorizzo.<\/p>\n<p>&nbsp;<\/p>\n<p>Para el especialista, que se entrevist\u00f3 tres veces con la imputada, la joven era &#8220;consciente de sus actos&#8221; y reconoc\u00eda &#8220;la diferencia entre el bien y el mal&#8221;.<\/p>\n<p>&nbsp;<\/p>\n<p>Seg\u00fan detall\u00f3 el portal del diario El D\u00eda de Gualeguaych\u00fa, para el perito Nahir tiene conciencia de s\u00ed misma, no padece trastornos, distingue lo l\u00edcito de lo il\u00edcito, presenta disregulaci\u00f3n emocional con tendencia a la irritabilidad, y sufre de insomnio y baja tolerancia a la frustraci\u00f3n.<\/p>\n<p>&nbsp;<\/p>\n<p>Adem\u00e1s, Gighlione explic\u00f3 que Galarza tiene el tic de lavarse las manos, aunque \u00e9ste no encuadra en los Trastornos Obsesivos Compulsivos (TOC), y adem\u00e1s sostuvo que la imputada no presenta una personalidad esquizot\u00edpica.<\/p>\n<p>&nbsp;<\/p>\n<p>En la audiencia tambi\u00e9n expuso la perito de la defensa, licenciada Alicia Paday, quien afirm\u00f3 que Pastorizzo ejerc\u00eda violencia psicol\u00f3gica sobre Nahir e incluso alentaba a otros a su descalificaci\u00f3n verbal y que Galarza presenta indicadores de haber sido abusada sexualmente.<\/p>\n<p>&nbsp;<\/p>\n<p>Seg\u00fan Paday, la personalidad de la acusada &#8220;denota trastornos graves, con una conducta desganada, se muestra fr\u00eda y distante, exc\u00e9ntrica&#8221;, y explic\u00f3 que las personas tienen &#8220;un dispositivo que permite defendernos de la angustia&#8221; y que si la aflicci\u00f3n se prolonga en el tiempo &#8220;el caparaz\u00f3n es cada vez m\u00e1s duro&#8221;.<\/p>\n<p>&nbsp;<\/p>\n<p>Adem\u00e1s, la psic\u00f3loga asegur\u00f3 ante los jueces que Nahir &#8220;no puede manifestar conductas agresivas&#8221;, que en ella &#8220;aparece una conducta compulsiva&#8221; y que eso se demuestra en &#8220;la necesidad continua de mostrarse perfecta hacia el otro&#8221; y que tambi\u00e9n se expresa mucha represi\u00f3n parental y conductas que muestran un trastorno en su personalidad.<\/p>\n<p>&nbsp;<\/p>\n<p>La perito coment\u00f3 que Nahir presenta mecanismos disociativos, breves y espor\u00e1dicos brotes psic\u00f3ticos; y que los mecanismos de defensa que presenta se deben al deterioro de su personalidad porque -estim\u00f3- &#8220;debe haber sufrido muchos hechos traum\u00e1ticos&#8221;.<\/p>\n<p>&nbsp;<\/p>\n<p>&nbsp;<\/p>\n<p><strong>Custodia<\/strong><\/p>\n<p>Por otra parte, la Polic\u00eda de Entre R\u00edos solicit\u00f3 una sanci\u00f3n de 40 d\u00edas de arresto para el padre de Nahir por haber descuidado el arma reglamentaria con la que su hija habr\u00eda asesinado a Pastorizzo.<\/p>\n<p>&nbsp;<\/p>\n<p>La sanci\u00f3n contra el padre de la acusada deber\u00e1 ser resuelta por la Junta de Disciplina, que tiene un plazo de 10 d\u00edas para decidir la solicitud de la Polic\u00eda de Entre R\u00edos, lapso durante el cual Marcelo Galarza tendr\u00e1 la oportunidad de defenderse.<\/p>\n","protected":false},"excerpt":{"rendered":"<p>Con an\u00e1lisis dispares, los peritos psiqui\u00e1tricos de la causa declararon en la sexta audiencia del debate oral. C\u00f3mo funciona la mente de la joven &nbsp; &nbsp; &nbsp; El perito psiqui\u00e1trico designado por el Ministerio P\u00fablico Fiscal para entrevistar a Nahir Galarza, Sim\u00f3n Gighlione, declar\u00f3 este jueves durante la sexta audiencia del debate oral por el asesinato de Fernando Pastorizzo. &nbsp; Para el especialista, que se entrevist\u00f3 tres veces con la imputada, la joven era &#8220;consciente de sus actos&#8221; y reconoc\u00eda &#8220;la diferencia entre el bien y el mal&#8221;. &nbsp; Seg\u00fan&#8230;<\/p>\n","protected":false},"author":3,"featured_media":28650,"comment_status":"closed","ping_status":"closed","sticky":false,"template":"","format":"standard","meta":[],"categories":[4],"tags":[],"_links":{"self":[{"href":"https:\/\/www.actualidadadiario.com\/index.php\/wp-json\/wp\/v2\/posts\/28649"}],"collection":[{"href":"https:\/\/www.actualidadadiario.com\/index.php\/wp-json\/wp\/v2\/posts"}],"about":[{"href":"https:\/\/www.actualidadadiario.com\/index.php\/wp-json\/wp\/v2\/types\/post"}],"author":[{"embeddable":true,"href":"https:\/\/www.actualidadadiario.com\/index.php\/wp-json\/wp\/v2\/users\/3"}],"replies":[{"embeddable":true,"href":"https:\/\/www.actualidadadiario.com\/index.php\/wp-json\/wp\/v2\/comments?post=28649"}],"version-history":[{"count":1,"href":"https:\/\/www.actualidadadiario.com\/index.php\/wp-json\/wp\/v2\/posts\/28649\/revisions"}],"predecessor-version":[{"id":28651,"href":"https:\/\/www.actualidadadiario.com\/index.php\/wp-json\/wp\/v2\/posts\/28649\/revisions\/28651"}],"wp:featuredmedia":[{"embeddable":true,"href":"https:\/\/www.actualidadadiario.com\/index.php\/wp-json\/wp\/v2\/media\/28650"}],"wp:attachment":[{"href":"https:\/\/www.actualidadadiario.com\/index.php\/wp-json\/wp\/v2\/media?parent=28649"}],"wp:term":[{"taxonomy":"category","embeddable":true,"href":"https:\/\/www.actualidadadiario.com\/index.php\/wp-json\/wp\/v2\/categories?post=28649"},{"taxonomy":"post_tag","embeddable":true,"href":"https:\/\/www.actualidadadiario.com\/index.php\/wp-json\/wp\/v2\/tags?post=28649"}],"curies":[{"name":"wp","href":"https:\/\/api.w.org\/{rel}","templated":true}]}}