{"id":2864,"date":"2016-10-19T09:15:40","date_gmt":"2016-10-19T12:15:40","guid":{"rendered":"http:\/\/actualidadadiario.com\/site\/?p=2864"},"modified":"2016-10-19T09:15:40","modified_gmt":"2016-10-19T12:15:40","slug":"cuales-son-los-beneficios-de-la-ley-pyme","status":"publish","type":"post","link":"https:\/\/www.actualidadadiario.com\/index.php\/2016\/10\/19\/cuales-son-los-beneficios-de-la-ley-pyme\/","title":{"rendered":"Cu\u00e1les son los beneficios de la ley pyme"},"content":{"rendered":"<p><em><strong>El Poder Ejecutivo reglament\u00f3 la ley que cre\u00f3 el Programa de Recuperaci\u00f3n Productiva para peque\u00f1as y medianas empresas, aprobada por el Congreso en julio pasado<\/strong><\/em><\/p>\n<p>&nbsp;<\/p>\n<p>&nbsp;<\/p>\n<p>&nbsp;<\/p>\n<p>&nbsp;<\/p>\n<p>A trav\u00e9s del decreto 1101 publicado este martes en el Bolet\u00edn Oficial se reglamentan puntualmente los T\u00edtulos II, III y V de la Ley N\u00b0 27.264.<\/p>\n<p>&nbsp;<\/p>\n<p>La norma avanza con un tratamiento impositivo especial a los sujetos que encuadren en la categor\u00eda de Micro, Peque\u00f1as y Medianas Empresas.<\/p>\n<p>&nbsp;<\/p>\n<p>&nbsp;<\/p>\n<p>&nbsp;<\/p>\n<p><strong>Algunos beneficios<\/strong><\/p>\n<ul>\n<li>Con respecto al IVA, se les permitir\u00e1 a las micro y peque\u00f1as empresas pagar a los 90 d\u00edas de su facturaci\u00f3n, mientras que las medianas lo tendr\u00e1n que hacer en forma trimestral.<\/li>\n<\/ul>\n<p>&nbsp;<\/p>\n<ul>\n<li>Eximici\u00f3n del Impuesto a la Ganancia M\u00ednima Presunta.<\/li>\n<\/ul>\n<p>&nbsp;<\/p>\n<ul>\n<li>C\u00f3mputo como pago a cuenta en el Impuesto a las Ganancias del monto ingresado en concepto de Impuesto sobre los Cr\u00e9ditos y D\u00e9bitos en Cuentas Bancarias y Otras Operatorias.<\/li>\n<\/ul>\n<p>&nbsp;<\/p>\n<ul>\n<li>Posibilidad de diferir el ingreso del saldo resultante de la declaraci\u00f3n jurada del Impuesto al Valor Agregado.<\/li>\n<\/ul>\n<p>&nbsp;<\/p>\n<ul>\n<li>Un incremento del 50% de las asistencias que, a trav\u00e9s de los Repro, se les brindan a las empresas que est\u00e1n en crisis para que puedan abonar el pago de sus empleados.<\/li>\n<\/ul>\n<p>&nbsp;<\/p>\n<ul>\n<li>Se aumenta del 8% al 10% la inversi\u00f3n que se puede desgravar del Impuesto a las Ganancias, y se elimina el Impuesto a la Ganancia M\u00ednima Presunta.<\/li>\n<\/ul>\n<p>&nbsp;<\/p>\n<ul>\n<li>Autoriza a que las micro y peque\u00f1as empresas puedan desgravar el 100% y las medianas del 50% de la Ley del Cheque del pago a cuenta del Impuesto a las Ganancias.<\/li>\n<\/ul>\n<p>&nbsp;<\/p>\n<p>&nbsp;<\/p>\n<p><strong>Escenario<\/strong><\/p>\n<p>Pago diferido: si una pyme factur\u00f3 $100.000 en octubre y otros $21.000 en concepto de IVA, ese monto reci\u00e9n deber\u00e1 rendirlo ante la AFIP el 21 de enero, cuando previamente deb\u00eda hacerlo el 21 de noviembre. Es decir que tendr\u00e1 60 d\u00edas adicionales, ya que no tendr\u00e1 que hacer dicha rendici\u00f3n al mes siguiente de la facturaci\u00f3n.<\/p>\n","protected":false},"excerpt":{"rendered":"<p>El Poder Ejecutivo reglament\u00f3 la ley que cre\u00f3 el Programa de Recuperaci\u00f3n Productiva para peque\u00f1as y medianas empresas, aprobada por el Congreso en julio pasado &nbsp; &nbsp; &nbsp; &nbsp; A trav\u00e9s del decreto 1101 publicado este martes en el Bolet\u00edn Oficial se reglamentan puntualmente los T\u00edtulos II, III y V de la Ley N\u00b0 27.264. &nbsp; La norma avanza con un tratamiento impositivo especial a los sujetos que encuadren en la categor\u00eda de Micro, Peque\u00f1as y Medianas Empresas. &nbsp; &nbsp; &nbsp; Algunos beneficios Con respecto al IVA, se les permitir\u00e1&#8230;<\/p>\n","protected":false},"author":3,"featured_media":2865,"comment_status":"closed","ping_status":"closed","sticky":false,"template":"","format":"standard","meta":[],"categories":[2],"tags":[],"_links":{"self":[{"href":"https:\/\/www.actualidadadiario.com\/index.php\/wp-json\/wp\/v2\/posts\/2864"}],"collection":[{"href":"https:\/\/www.actualidadadiario.com\/index.php\/wp-json\/wp\/v2\/posts"}],"about":[{"href":"https:\/\/www.actualidadadiario.com\/index.php\/wp-json\/wp\/v2\/types\/post"}],"author":[{"embeddable":true,"href":"https:\/\/www.actualidadadiario.com\/index.php\/wp-json\/wp\/v2\/users\/3"}],"replies":[{"embeddable":true,"href":"https:\/\/www.actualidadadiario.com\/index.php\/wp-json\/wp\/v2\/comments?post=2864"}],"version-history":[{"count":1,"href":"https:\/\/www.actualidadadiario.com\/index.php\/wp-json\/wp\/v2\/posts\/2864\/revisions"}],"predecessor-version":[{"id":2866,"href":"https:\/\/www.actualidadadiario.com\/index.php\/wp-json\/wp\/v2\/posts\/2864\/revisions\/2866"}],"wp:featuredmedia":[{"embeddable":true,"href":"https:\/\/www.actualidadadiario.com\/index.php\/wp-json\/wp\/v2\/media\/2865"}],"wp:attachment":[{"href":"https:\/\/www.actualidadadiario.com\/index.php\/wp-json\/wp\/v2\/media?parent=2864"}],"wp:term":[{"taxonomy":"category","embeddable":true,"href":"https:\/\/www.actualidadadiario.com\/index.php\/wp-json\/wp\/v2\/categories?post=2864"},{"taxonomy":"post_tag","embeddable":true,"href":"https:\/\/www.actualidadadiario.com\/index.php\/wp-json\/wp\/v2\/tags?post=2864"}],"curies":[{"name":"wp","href":"https:\/\/api.w.org\/{rel}","templated":true}]}}