{"id":28634,"date":"2018-06-15T12:09:20","date_gmt":"2018-06-15T15:09:20","guid":{"rendered":"https:\/\/www.actualidadadiario.com\/?p=28634"},"modified":"2018-11-06T19:43:50","modified_gmt":"2018-11-06T22:43:50","slug":"vamos-a-pedir-que-se-le-prohiba-la-salida-del-pais-a-sturzenegger","status":"publish","type":"post","link":"https:\/\/www.actualidadadiario.com\/index.php\/2018\/06\/15\/vamos-a-pedir-que-se-le-prohiba-la-salida-del-pais-a-sturzenegger\/","title":{"rendered":"&#8220;Vamos a pedir que se le proh\u00edba la salida del pa\u00eds a Sturzenegger&#8221;"},"content":{"rendered":"<p><em><strong>Luego de la abrupta salida del economista de la presidencia del Banco Central, el diputado del FPV-PJ presentar\u00e1 una denuncia para que se investigue qu\u00e9 pas\u00f3 con las reservas<\/strong><\/em><\/p>\n<p>&nbsp;<\/p>\n<p>&nbsp;<\/p>\n<p>&nbsp;<\/p>\n<p>&nbsp;<\/p>\n<p>Adem\u00e1s de costo pol\u00edtico que le signific\u00f3 la renuncia al Banco Central, Federico Sturzenegger podr\u00eda enfrentar tambi\u00e9n problemas judiciales en el futuro cercano.<\/p>\n<p>&nbsp;<\/p>\n<p>&#8220;El lunes vamos a denunciar penalmente a Sturzenegger y al JP Morgan, por el saqueo a la reservas del BCRA en la corrida de mayo. Y vamos a pedir que se le prohiba la salida del pa\u00eds. Que deje de hacerle da\u00f1o al pa\u00eds&#8221;, anunci\u00f3 el diputado Rodolfo Tailhade, del FPV-PJ, a trav\u00e9s de su cuenta de Twitter.<\/p>\n<p>&nbsp;<\/p>\n<p>Hace un mes, el propio diputado hab\u00eda apuntado su mirada hacia esa entidad financiera, pero vincul\u00e1ndola con el nuevo presidente del BCRA, Luis Caputo. &#8220;Cuando arranc\u00f3 la corrida, el JP Morgan se llev\u00f3 1.500 millones de d\u00f3lares a 20 pesos. Esta es la torre JP Morgan, en la calle Brickell 1450 de Miami. Sus oficinas ocupan los primeros 13 pisos. En el piso 14 est\u00e1 Noctua, la offshore del Ministro Caputo&#8221;, advirti\u00f3 en ese momento el legislador.<\/p>\n<p>&nbsp;<\/p>\n<p>Fueron varios los dirigentes pol\u00edticos y analistas econ\u00f3micos que advirtieron en los \u00faltimos meses sobre la llamativa facilidad con la cual el JP Morgan y otros operadores financieros se hicieron de las reservas del Banco Central a bajo precio.<\/p>\n<p>&nbsp;<\/p>\n<p>Los problemas judiciales para Sturzenegger luego de abandonar un gobierno son un cl\u00e1sico. Lo mismo le sucedi\u00f3 luego de su paso por la Alianza en 2001 como Secretario de Pol\u00edtica Econ\u00f3mica.<\/p>\n<p>&nbsp;<\/p>\n<p>Como uno de los autores del Megacanje, el ahora nuevamente ex funcionario debi\u00f3 rendir cuentas ante la Justicia, y su sobreseimiento definitivo se dio reci\u00e9n hace menos de dos a\u00f1os, en septiembre de 2016.<\/p>\n","protected":false},"excerpt":{"rendered":"<p>Luego de la abrupta salida del economista de la presidencia del Banco Central, el diputado del FPV-PJ presentar\u00e1 una denuncia para que se investigue qu\u00e9 pas\u00f3 con las reservas &nbsp; &nbsp; &nbsp; &nbsp; Adem\u00e1s de costo pol\u00edtico que le signific\u00f3 la renuncia al Banco Central, Federico Sturzenegger podr\u00eda enfrentar tambi\u00e9n problemas judiciales en el futuro cercano. &nbsp; &#8220;El lunes vamos a denunciar penalmente a Sturzenegger y al JP Morgan, por el saqueo a la reservas del BCRA en la corrida de mayo. Y vamos a pedir que se le prohiba&#8230;<\/p>\n","protected":false},"author":3,"featured_media":28635,"comment_status":"closed","ping_status":"closed","sticky":false,"template":"","format":"standard","meta":[],"categories":[18],"tags":[],"_links":{"self":[{"href":"https:\/\/www.actualidadadiario.com\/index.php\/wp-json\/wp\/v2\/posts\/28634"}],"collection":[{"href":"https:\/\/www.actualidadadiario.com\/index.php\/wp-json\/wp\/v2\/posts"}],"about":[{"href":"https:\/\/www.actualidadadiario.com\/index.php\/wp-json\/wp\/v2\/types\/post"}],"author":[{"embeddable":true,"href":"https:\/\/www.actualidadadiario.com\/index.php\/wp-json\/wp\/v2\/users\/3"}],"replies":[{"embeddable":true,"href":"https:\/\/www.actualidadadiario.com\/index.php\/wp-json\/wp\/v2\/comments?post=28634"}],"version-history":[{"count":1,"href":"https:\/\/www.actualidadadiario.com\/index.php\/wp-json\/wp\/v2\/posts\/28634\/revisions"}],"predecessor-version":[{"id":28636,"href":"https:\/\/www.actualidadadiario.com\/index.php\/wp-json\/wp\/v2\/posts\/28634\/revisions\/28636"}],"wp:featuredmedia":[{"embeddable":true,"href":"https:\/\/www.actualidadadiario.com\/index.php\/wp-json\/wp\/v2\/media\/28635"}],"wp:attachment":[{"href":"https:\/\/www.actualidadadiario.com\/index.php\/wp-json\/wp\/v2\/media?parent=28634"}],"wp:term":[{"taxonomy":"category","embeddable":true,"href":"https:\/\/www.actualidadadiario.com\/index.php\/wp-json\/wp\/v2\/categories?post=28634"},{"taxonomy":"post_tag","embeddable":true,"href":"https:\/\/www.actualidadadiario.com\/index.php\/wp-json\/wp\/v2\/tags?post=28634"}],"curies":[{"name":"wp","href":"https:\/\/api.w.org\/{rel}","templated":true}]}}