{"id":28626,"date":"2018-06-15T12:06:57","date_gmt":"2018-06-15T15:06:57","guid":{"rendered":"https:\/\/www.actualidadadiario.com\/?p=28626"},"modified":"2018-11-06T19:43:54","modified_gmt":"2018-11-06T22:43:54","slug":"cristina-anuncio-que-se-suma-a-la-postura-del-fpv-y-apoyara-la-legalizacion-del-aborto","status":"publish","type":"post","link":"https:\/\/www.actualidadadiario.com\/index.php\/2018\/06\/15\/cristina-anuncio-que-se-suma-a-la-postura-del-fpv-y-apoyara-la-legalizacion-del-aborto\/","title":{"rendered":"Cristina anunci\u00f3 que se suma a la postura del FPV y apoyar\u00e1 la legalizaci\u00f3n del aborto"},"content":{"rendered":"<p><em><strong>En el Senado se debatir\u00e1 la segunda pata del proyecto que busca promulgar la ley por el aborto legal, seguro y gratuito, y la ex presidenta ya anunci\u00f3 su voto<\/strong><\/em><\/p>\n<p>&nbsp;<\/p>\n<p>&nbsp;<\/p>\n<p>&nbsp;<\/p>\n<p>&nbsp;<\/p>\n<p>&nbsp;<\/p>\n<p>La ex presidenta y senadora Cristina Fern\u00e1ndez de Kirchner se sum\u00f3 a la posici\u00f3n a favor de la legalizaci\u00f3n del aborto, que anticip\u00f3 el bloque del Frente para la Victoria en la C\u00e1mara alta.<\/p>\n<p>&nbsp;<\/p>\n<p>En su cuenta de Twitter comparti\u00f3 el comunicado del bloque:<\/p>\n<p>&nbsp;<\/p>\n<p>&#8220;El bloque de Senadoras y Senadores del FPV-PJ informa que, en su totalidad, votar\u00e1 a favor de la media sanci\u00f3n de Diputados, atendiendo una demanda de la sociedad que se ha expresado masivamente trav\u00e9s de los Colectivos de Mujeres&#8221;, dice el comunicado.<\/p>\n<p>&nbsp;<\/p>\n<p>Cristina public\u00f3 una foto donde aparece junto a sus compa\u00f1eros de bloque en la que anticipan que el presidente de la bancada, Marcelo Fuentes, pedir\u00e1 una reuni\u00f3n con sus pares para tratar el proyecto.<\/p>\n","protected":false},"excerpt":{"rendered":"<p>En el Senado se debatir\u00e1 la segunda pata del proyecto que busca promulgar la ley por el aborto legal, seguro y gratuito, y la ex presidenta ya anunci\u00f3 su voto &nbsp; &nbsp; &nbsp; &nbsp; &nbsp; La ex presidenta y senadora Cristina Fern\u00e1ndez de Kirchner se sum\u00f3 a la posici\u00f3n a favor de la legalizaci\u00f3n del aborto, que anticip\u00f3 el bloque del Frente para la Victoria en la C\u00e1mara alta. &nbsp; En su cuenta de Twitter comparti\u00f3 el comunicado del bloque: &nbsp; &#8220;El bloque de Senadoras y Senadores del FPV-PJ informa&#8230;<\/p>\n","protected":false},"author":3,"featured_media":28627,"comment_status":"closed","ping_status":"closed","sticky":false,"template":"","format":"standard","meta":[],"categories":[9],"tags":[],"_links":{"self":[{"href":"https:\/\/www.actualidadadiario.com\/index.php\/wp-json\/wp\/v2\/posts\/28626"}],"collection":[{"href":"https:\/\/www.actualidadadiario.com\/index.php\/wp-json\/wp\/v2\/posts"}],"about":[{"href":"https:\/\/www.actualidadadiario.com\/index.php\/wp-json\/wp\/v2\/types\/post"}],"author":[{"embeddable":true,"href":"https:\/\/www.actualidadadiario.com\/index.php\/wp-json\/wp\/v2\/users\/3"}],"replies":[{"embeddable":true,"href":"https:\/\/www.actualidadadiario.com\/index.php\/wp-json\/wp\/v2\/comments?post=28626"}],"version-history":[{"count":1,"href":"https:\/\/www.actualidadadiario.com\/index.php\/wp-json\/wp\/v2\/posts\/28626\/revisions"}],"predecessor-version":[{"id":28628,"href":"https:\/\/www.actualidadadiario.com\/index.php\/wp-json\/wp\/v2\/posts\/28626\/revisions\/28628"}],"wp:featuredmedia":[{"embeddable":true,"href":"https:\/\/www.actualidadadiario.com\/index.php\/wp-json\/wp\/v2\/media\/28627"}],"wp:attachment":[{"href":"https:\/\/www.actualidadadiario.com\/index.php\/wp-json\/wp\/v2\/media?parent=28626"}],"wp:term":[{"taxonomy":"category","embeddable":true,"href":"https:\/\/www.actualidadadiario.com\/index.php\/wp-json\/wp\/v2\/categories?post=28626"},{"taxonomy":"post_tag","embeddable":true,"href":"https:\/\/www.actualidadadiario.com\/index.php\/wp-json\/wp\/v2\/tags?post=28626"}],"curies":[{"name":"wp","href":"https:\/\/api.w.org\/{rel}","templated":true}]}}