{"id":28623,"date":"2018-06-15T12:06:20","date_gmt":"2018-06-15T15:06:20","guid":{"rendered":"https:\/\/www.actualidadadiario.com\/?p=28623"},"modified":"2018-11-06T19:43:54","modified_gmt":"2018-11-06T22:43:54","slug":"pichetto-y-naidenoff-adelantaron-que-el-aborto-se-aprobara-en-el-senado","status":"publish","type":"post","link":"https:\/\/www.actualidadadiario.com\/index.php\/2018\/06\/15\/pichetto-y-naidenoff-adelantaron-que-el-aborto-se-aprobara-en-el-senado\/","title":{"rendered":"Pichetto y Naidenoff adelantaron que el aborto se aprobar\u00e1 en el Senado"},"content":{"rendered":"<p><em><strong>Los jefes de bancadas del Justicialismo y el interbloque Cambiemos coincidieron en que &#8220;habr\u00e1 un efecto imparable&#8221; que har\u00e1 que la ley sea aprobada en la c\u00e1mara alta. &#8220;El senado tiene que hacerse cargo de la demanda ciudadana&#8221;, asegur\u00f3 el radical diferenci\u00e1ndose de la presidenta del Senado Gabriela Michetti<\/strong><\/em><\/p>\n<p>&nbsp;<\/p>\n<p>&nbsp;<\/p>\n<p>&nbsp;<\/p>\n<p>&nbsp;<\/p>\n<p>El Senado de la Naci\u00f3n se prepara para recibir el proyecto aprobado en diputados y pese a un primer paneo de posible rechazo los jefes de las bancadas Justicialista y el interbloque Cambiemos Miguel \u00c1ngel Pichetto y Luis Naidennof aseguraron que acompa\u00f1ar\u00e1n el reclamo mayoritario de la sociedad.<\/p>\n<p>&nbsp;<\/p>\n<p>&#8220;Habr\u00e1 un efecto imparable y la ley va a salir del Senado. Tengo confianza en que la ley va a salir&#8221;, asegur\u00f3 Pichetto a Clar\u00edn y agreg\u00f3 que &#8220;no habr\u00e1 un debate muy largo, creo que con dos o tres semanas de tratamiento ya se podr\u00eda votar&#8221;. Esto se debe al rol que podr\u00eda jugar la presidenta del Senado Gabriela Michetti, quien se opone firmemente, para estirar la aprobaci\u00f3n de la ley.<\/p>\n<p>&nbsp;<\/p>\n<p>Por su parte el radical Luis Naidenoff consider\u00f3 que &#8220;el senado tiene que hacerse cargo de la demanda ciudadana y legislar realidades&#8221; y se diferenci\u00f3 de algunos compa\u00f1eros de su bloque se han expresado en contra como Federico Pinedo al considerar que &#8220;el aborto no es una cuesti\u00f3n de fe sino de salud p\u00fablica&#8221;.<\/p>\n<p>&nbsp;<\/p>\n<p>Despu\u00e9s de la reuni\u00f3n que mantuvieron este mi\u00e9rcoles Pichetto y Naidenoff adelantaron el tratamiento que llevar\u00edan adelante en el Senado y conf\u00edan en que podr\u00eda aprobarse antes del receso invernal. El jefe Justicialista considera que en &#8220;Diputados ya hubo un largo debate. No se necesita volver a debatir, ya hay mucha informaci\u00f3n. No hace falta&#8221;.<\/p>\n<p>&nbsp;<\/p>\n<p>&#8220;Ya venimos de un debate muy fuerte y potente de Diputados, lo que no quita que haremos un plenario de comisiones, aunque en t\u00e9rminos m\u00e1s acotados. Este es un asunto que se definir\u00e1 en Labor Parlamentaria entre todos los jefes de bloques. \u00bfSi podemos votarla antes del receso invernal? Puede ser, pero veremos&#8221;, respondi\u00f3 Naidenoff.<\/p>\n<p>&nbsp;<\/p>\n<p>Por \u00faltimo hizo menci\u00f3n a los votos que terminaron definiendo la contienda en Diputados: &#8220;Felicito al gobernador de La Pampa Carlos Verna. Lo de Verna demuestra que el peronismo est\u00e1 con la evoluci\u00f3n social&#8221;. Por \u00faltimo dej\u00f3 en duda el deseo del Gobierno sobre la ley al manifestar que &#8220;si lo hubieran querido, la Casa Rosada deber\u00eda haberse puesto a la cabeza de la defensa de la ley&#8221;.<\/p>\n","protected":false},"excerpt":{"rendered":"<p>Los jefes de bancadas del Justicialismo y el interbloque Cambiemos coincidieron en que &#8220;habr\u00e1 un efecto imparable&#8221; que har\u00e1 que la ley sea aprobada en la c\u00e1mara alta. &#8220;El senado tiene que hacerse cargo de la demanda ciudadana&#8221;, asegur\u00f3 el radical diferenci\u00e1ndose de la presidenta del Senado Gabriela Michetti &nbsp; &nbsp; &nbsp; &nbsp; El Senado de la Naci\u00f3n se prepara para recibir el proyecto aprobado en diputados y pese a un primer paneo de posible rechazo los jefes de las bancadas Justicialista y el interbloque Cambiemos Miguel \u00c1ngel Pichetto y&#8230;<\/p>\n","protected":false},"author":3,"featured_media":28624,"comment_status":"closed","ping_status":"closed","sticky":false,"template":"","format":"standard","meta":[],"categories":[18],"tags":[],"_links":{"self":[{"href":"https:\/\/www.actualidadadiario.com\/index.php\/wp-json\/wp\/v2\/posts\/28623"}],"collection":[{"href":"https:\/\/www.actualidadadiario.com\/index.php\/wp-json\/wp\/v2\/posts"}],"about":[{"href":"https:\/\/www.actualidadadiario.com\/index.php\/wp-json\/wp\/v2\/types\/post"}],"author":[{"embeddable":true,"href":"https:\/\/www.actualidadadiario.com\/index.php\/wp-json\/wp\/v2\/users\/3"}],"replies":[{"embeddable":true,"href":"https:\/\/www.actualidadadiario.com\/index.php\/wp-json\/wp\/v2\/comments?post=28623"}],"version-history":[{"count":1,"href":"https:\/\/www.actualidadadiario.com\/index.php\/wp-json\/wp\/v2\/posts\/28623\/revisions"}],"predecessor-version":[{"id":28625,"href":"https:\/\/www.actualidadadiario.com\/index.php\/wp-json\/wp\/v2\/posts\/28623\/revisions\/28625"}],"wp:featuredmedia":[{"embeddable":true,"href":"https:\/\/www.actualidadadiario.com\/index.php\/wp-json\/wp\/v2\/media\/28624"}],"wp:attachment":[{"href":"https:\/\/www.actualidadadiario.com\/index.php\/wp-json\/wp\/v2\/media?parent=28623"}],"wp:term":[{"taxonomy":"category","embeddable":true,"href":"https:\/\/www.actualidadadiario.com\/index.php\/wp-json\/wp\/v2\/categories?post=28623"},{"taxonomy":"post_tag","embeddable":true,"href":"https:\/\/www.actualidadadiario.com\/index.php\/wp-json\/wp\/v2\/tags?post=28623"}],"curies":[{"name":"wp","href":"https:\/\/api.w.org\/{rel}","templated":true}]}}