{"id":28615,"date":"2018-06-15T12:04:17","date_gmt":"2018-06-15T15:04:17","guid":{"rendered":"https:\/\/www.actualidadadiario.com\/?p=28615"},"modified":"2018-11-06T19:43:54","modified_gmt":"2018-11-06T22:43:54","slug":"el-gobierno-prometio-disminuir-transferencias-a-provincias","status":"publish","type":"post","link":"https:\/\/www.actualidadadiario.com\/index.php\/2018\/06\/15\/el-gobierno-prometio-disminuir-transferencias-a-provincias\/","title":{"rendered":"El Gobierno prometi\u00f3 disminuir transferencias a provincias"},"content":{"rendered":"<p><em><strong>El Ejecutivo acord\u00f3 con el FMI bajar los env\u00edos discrecionales asociadas a gastos que son responsabilidad de los distritos. Estiman en $ 65.000 millones el recorte de fondos<\/strong><\/em><\/p>\n<p>&nbsp;<\/p>\n<p>&nbsp;<\/p>\n<p>&nbsp;<\/p>\n<p>&nbsp;<\/p>\n<p>Mientras los diputados entraban en los libros de historia dando media sanci\u00f3n a la ley de aborto legal y seguro, el gobierno daba a conocer los detalles del Memor\u00e1ndum de Pol\u00edticas Econ\u00f3micas y Financieras firmado con el FMI.<\/p>\n<p>&nbsp;<\/p>\n<p>El punto principal del acuerdo es que la Argentina reduzca el d\u00e9ficit y parte de eso caer\u00e1 sobre las espaldas de las administraciones provinciales.<\/p>\n<p>&nbsp;<\/p>\n<p>As\u00ed queda establecido en el documento en donde el ministro Nicol\u00e1s Dujovne y el ahora ex titular del BCRA Federico Sturzenegger explican que &#8220;las transferencias discrecionales a las provincias asociadas a gastos que han sido asignados como responsabilidad de cada provincia por la Constituci\u00f3n se ir\u00e1n reduciendo ya que las provincias tomar\u00e1n estas responsabilidades. Estas reducciones en las transferencias discrecionales est\u00e1n dise\u00f1adas para garantizar que la incidencia no recaiga sobre la asistencia social ni otro tipo de programas para el alivio de la pobreza que son ejecutados por las provincias.<\/p>\n<p>&nbsp;<\/p>\n<p>El ministro de Hacienda de uno de los distritos m\u00e1s importantes del pa\u00eds esto significa un recorte de los fondos en Educaci\u00f3n, Salud, Desarrollo Social, Vivienda y Medio Ambiente&#8221;. El funcionario explic\u00f3 que el total de programas nacionales que se superpone con funciones provinciales y municipales &#8220;son unos $ 130.000 millones&#8221;.<\/p>\n<p>&nbsp;<\/p>\n<p>Desde el palacio de Hacienda explicaron que &#8220;los $ 130.000 millones son el total de las transferencias, lo que se superpone es la mitad&#8221;.<\/p>\n<p>&nbsp;<\/p>\n<p>Seg\u00fan un trabajo de Idesa, lo que estos cinco ministerios asignan a funciones de las provincias y los municipios representan el 20% del d\u00e9ficit fiscal nacional.<\/p>\n<p>&nbsp;<\/p>\n<p>Aunque no cay\u00f3 bien, las provincias ya ven\u00edan discutiendo el posible recorte. La Casa Rosada adelant\u00f3 la intenci\u00f3n de compartir el esfuerzo del ajuste con las provincias, y el propio Jefe de Gabinete Marcos Pe\u00f1a lo hab\u00eda dejado por escrito en la previa a conocerse la intenci\u00f3n de volver al FMI en una carta titulada &#8220;M\u00e1s provincias, M\u00e1s Naci\u00f3n. El camino de la Argentina hacia el federalismo fiscal&#8221;.<\/p>\n<p>&nbsp;<\/p>\n<p>En esa carta que se public\u00f3 poco menos de un mes antes del anuncio de Macri del pedido de cr\u00e9dito, Pe\u00f1a se preguntaba: &#8220;\u00bfdebe la Naci\u00f3n darle plata a un intendente para asfaltar una calle? \u00bfDebe la Naci\u00f3n, existiendo recursos espec\u00edficos como el FONAVI, construir viviendas en las provincias? \u00bfDebe la Naci\u00f3n repartir medicamentos en las provincias existiendo los sistemas p\u00fablicos provinciales?&#8221;.<\/p>\n<p>&nbsp;<\/p>\n<p>Como respuesta explicaba que las &#8220;grandes transferencias&#8221; de fondos hacia la Seguridad Social y las provincias en estos dos a\u00f1os &#8220;hacen imposible&#8221; que la Naci\u00f3n contin\u00fae realizando &#8220;las mismas tareas que hac\u00eda cuando le tocaba una parte mucho mayor de la recaudaci\u00f3n&#8221;.<\/p>\n<p>&nbsp;<\/p>\n<p>Por si no quedaba clara la postura del jefe de los ministros que no es m\u00e1s que la voz del Gobierno, la carta se\u00f1ala que esas funciones &#8220;que son responsabilidad primaria de las provincias, como salud, vivienda, agua potable y medio ambiente, el Estado Nacional todav\u00eda destina cerca del 10% del presupuesto, equivalente a m\u00e1s del 2% del PBI o a dos terceras partes de su d\u00e9ficit primario&#8221;.<\/p>\n<p>&nbsp;<\/p>\n<p>Pero no s\u00f3lo apunt\u00f3 a los fondos en donde la responsabilidad primera es de los estados subnacionales, sino que fue un poco m\u00e1s lejos y tambi\u00e9n se\u00f1al\u00f3 que para la Naci\u00f3n es un esfuerzo tambi\u00e9n en los sectores en donde la responsabilidad es compartida. &#8220;En las funciones con responsabilidad compartida entre la Naci\u00f3n y las provincias, como educaci\u00f3n, seguridad interior, ciencia y t\u00e9cnica, energ\u00eda, transporte y comunicaciones, el Estado Nacional destina 20% de su presupuesto, casi 5% del PBI. Tambi\u00e9n hay en estas \u00e1reas espacio para discutir una mejor asignaci\u00f3n de los recursos&#8221;, explicaba el Jefe de los ministros.<\/p>\n<p>&nbsp;<\/p>\n<p>En medio de todo esto, en algunos despachos ya piensan en la posibilidad de avanzar en una nueva ley de coparticipaci\u00f3n. Sin embargo, la relaci\u00f3n con los jefes de estados subnacionales no pasa por su mejor momento por lo que modificar el reparto de los impuestos a seis meses del Pacto Fiscal en donde ya se discutieron los impuestos coparticipables.<\/p>\n","protected":false},"excerpt":{"rendered":"<p>El Ejecutivo acord\u00f3 con el FMI bajar los env\u00edos discrecionales asociadas a gastos que son responsabilidad de los distritos. Estiman en $ 65.000 millones el recorte de fondos &nbsp; &nbsp; &nbsp; &nbsp; Mientras los diputados entraban en los libros de historia dando media sanci\u00f3n a la ley de aborto legal y seguro, el gobierno daba a conocer los detalles del Memor\u00e1ndum de Pol\u00edticas Econ\u00f3micas y Financieras firmado con el FMI. &nbsp; El punto principal del acuerdo es que la Argentina reduzca el d\u00e9ficit y parte de eso caer\u00e1 sobre las&#8230;<\/p>\n","protected":false},"author":3,"featured_media":28616,"comment_status":"closed","ping_status":"closed","sticky":false,"template":"","format":"standard","meta":[],"categories":[2],"tags":[],"_links":{"self":[{"href":"https:\/\/www.actualidadadiario.com\/index.php\/wp-json\/wp\/v2\/posts\/28615"}],"collection":[{"href":"https:\/\/www.actualidadadiario.com\/index.php\/wp-json\/wp\/v2\/posts"}],"about":[{"href":"https:\/\/www.actualidadadiario.com\/index.php\/wp-json\/wp\/v2\/types\/post"}],"author":[{"embeddable":true,"href":"https:\/\/www.actualidadadiario.com\/index.php\/wp-json\/wp\/v2\/users\/3"}],"replies":[{"embeddable":true,"href":"https:\/\/www.actualidadadiario.com\/index.php\/wp-json\/wp\/v2\/comments?post=28615"}],"version-history":[{"count":1,"href":"https:\/\/www.actualidadadiario.com\/index.php\/wp-json\/wp\/v2\/posts\/28615\/revisions"}],"predecessor-version":[{"id":28617,"href":"https:\/\/www.actualidadadiario.com\/index.php\/wp-json\/wp\/v2\/posts\/28615\/revisions\/28617"}],"wp:featuredmedia":[{"embeddable":true,"href":"https:\/\/www.actualidadadiario.com\/index.php\/wp-json\/wp\/v2\/media\/28616"}],"wp:attachment":[{"href":"https:\/\/www.actualidadadiario.com\/index.php\/wp-json\/wp\/v2\/media?parent=28615"}],"wp:term":[{"taxonomy":"category","embeddable":true,"href":"https:\/\/www.actualidadadiario.com\/index.php\/wp-json\/wp\/v2\/categories?post=28615"},{"taxonomy":"post_tag","embeddable":true,"href":"https:\/\/www.actualidadadiario.com\/index.php\/wp-json\/wp\/v2\/tags?post=28615"}],"curies":[{"name":"wp","href":"https:\/\/api.w.org\/{rel}","templated":true}]}}