{"id":28611,"date":"2018-06-15T12:02:56","date_gmt":"2018-06-15T15:02:56","guid":{"rendered":"https:\/\/www.actualidadadiario.com\/?p=28611"},"modified":"2018-11-06T19:43:54","modified_gmt":"2018-11-06T22:43:54","slug":"los-diez-compromisos-centrales-que-el-gobierno-asumio-con-el-fmi","status":"publish","type":"post","link":"https:\/\/www.actualidadadiario.com\/index.php\/2018\/06\/15\/los-diez-compromisos-centrales-que-el-gobierno-asumio-con-el-fmi\/","title":{"rendered":"Los diez compromisos centrales que el Gobierno asumi\u00f3 con el FMI"},"content":{"rendered":"<p><em><strong>Se conocieron los t\u00e9rminos del acuerdo. Ajuste, subsidios, PBI, inflaci\u00f3n, tipo de cambio y reforma jubilatoria<\/strong><\/em><\/p>\n<p>&nbsp;<\/p>\n<p>&nbsp;<\/p>\n<p>&nbsp;<\/p>\n<p>&nbsp;<\/p>\n<p>&nbsp;<\/p>\n<p>El Gobierno difundi\u00f3 este jueves la carta de intenci\u00f3n y el programa econ\u00f3mico en el que se basa el acuerdo entre la Argentina y el FMI, por un monto de US$50.000 millones a lo largo de 36 meses. Lo hizo mediante la difusi\u00f3n del Memor\u00e1ndum de Pol\u00edticas Econ\u00f3micas y Financieras (MPEF) y Memor\u00e1ndum de Entendimiento T\u00e9cnico (MET), las bases del pacto con el organismo.<\/p>\n<p>&nbsp;<\/p>\n<p>&nbsp;<\/p>\n<p><strong>Crecimiento<\/strong><\/p>\n<p>Entre los primeros datos que surgen del documento, se destaca que para este a\u00f1o, el Gobierno est\u00e1 trabajando con un crecimiento de apenas 0,4% y una inflaci\u00f3n del 27%. &#8220;Esperamos que el crecimiento se sit\u00fae este a\u00f1o entre 0,4% y 1,4% interanual&#8221;. El texto destaca que prefirieron ser &#8220;conservadores&#8221; a la hora de hacer las proyecciones fiscales, por lo que est\u00e1n trabajando &#8220;con un supuesto del 0,4%&#8221;. Hasta hace tres meses, la expectativa del Gobierno era que el PBI aumentara 3,5% este a\u00f1o y que la inflaci\u00f3n se ubicara en 15%. Para 2019, Hacienda prev\u00e9 un incremento de 2% en el PBI.<\/p>\n<p>&nbsp;<\/p>\n<p>&nbsp;<\/p>\n<p><strong>Control del tipo de cambio<\/strong><\/p>\n<p>El documento asegura que el Gobierno est\u00e1 comprometido con mantener &#8220;un tipo de cambio flexible y determinado por el mercado&#8221;. Y que se limitar\u00e1n las ventas de reservas internacionales a per\u00edodos en que haya &#8220;una clara disfunci\u00f3n del mercado&#8221;.<\/p>\n<p>&nbsp;<\/p>\n<p>Para vender los d\u00f3lares en el mercado de contado y futuros, &#8220;el BCRA publicar\u00e1 a fines de septiembre una regulaci\u00f3n que introduzca un mecanismo de subasta de divisas. Esto es una meta estructural para el programa&#8221;.<\/p>\n<p>&nbsp;<\/p>\n<p>&nbsp;<\/p>\n<p><strong>Banco Central<\/strong><\/p>\n<p>Antes de marzo de 2019 enviar\u00e1n al Congreso un proyecto de ley para dotar al Banco Central de una nueva Carta Org\u00e1nica para que tenga &#8220;mayor autonom\u00eda&#8221;. Adem\u00e1s se suspender\u00e1 la financiaci\u00f3n de la entidad hacia el Tesoro. El ministerio de Hacienda tiene la intenci\u00f3n de recomprar gradualmente una porci\u00f3n significativa de la Letras Intransferibles que est\u00e1n en poder del Central. \u200bA su vez, la autoridad monetaria reducir\u00e1 el stock de Lebac.<\/p>\n<p>&nbsp;<\/p>\n<p>&nbsp;<\/p>\n<p><strong>Inflaci\u00f3n<\/strong><\/p>\n<p>En el memor\u00e1ndum, el Gobierno admite que la inflaci\u00f3n de este a\u00f1o ser\u00e1 27%, en l\u00ednea con las expectativas de mercado que refleja el REM, el relevamiento que realiza el Central entre economistas. Para 2019 establece una meta de 17%, de 13% para 2020 y de 9% para 2021. El texto detalla que la pol\u00edtica monetaria seguir\u00e1 siendo el instrumento para intentar encauzar la escalada de precios. El Gobierno se compromete a &#8220;mantener nuestra actual pol\u00edtica monetaria restrictiva&#8221;, hasta que vea &#8220;una se\u00f1al tangible&#8221; de la baja de la inflaci\u00f3n para 2019.<\/p>\n<p>&nbsp;<\/p>\n<p>&nbsp;<\/p>\n<p><strong>Pol\u00edtica fiscal<\/strong><\/p>\n<p>Aqu\u00ed se reafirma el compromiso de llevar al d\u00e9ficit primario a 2,7% del PBI este a\u00f1o, a 1,4% en 2019 y a cero en 2020. \u200bPero advierten que estas proyecciones son conservadoras y que por eso incluir\u00e1n, en forma prudencial, &#8220;reservas de gasto que ser\u00e1n usadas \u00fanicamente en el caso de que ocurran imprevistos&#8221;. Y garantizan que &#8220;si los resultados econ\u00f3micos fueran peores&#8221; a los esperados, &#8220;estamos preparados para identificar medidas adicionales que nos permitan alcanzar nuestros objetivos&#8221; de d\u00e9ficit primario para 2018 y 2019. Adem\u00e1s detalla que en este camino, el gobierno nacional &#8220;estar\u00e1 acompa\u00f1ado por el esfuerzo de las provincias&#8221;, dejando en evidencia que los gobernadores tendr\u00e1n que sumarse al ajuste. En este sentido, el acuerdo especifica que se espera que el balance primario consolidado las provincias pase de un d\u00e9ficit de 0,4% en 2017 a un super\u00e1vit de 1,4% del PBI hacia 2021.<\/p>\n<p>&nbsp;<\/p>\n<p>&nbsp;<\/p>\n<p><strong>Tarifas e impuestos<\/strong><\/p>\n<p>Continuar\u00e1 el sendero se reducci\u00f3n de subsidios a la energ\u00eda y el transporte. As\u00ed, los consumidores pasar\u00e1n de pagar el 80% en promedio del costo de la producci\u00f3n de gas en 2017 a abonar el 90% en 2020, mientras que para el gas se pasar\u00e1 del 60 al 90% en el mismo per\u00edodo. Al mismo tiempo prometen mantener los programas de tarifa social para los sectores m\u00e1s vulnerables.<\/p>\n<p>&nbsp;<\/p>\n<p>El acuerdo mantiene el compromiso de &#8220;reducir y eventualmente eliminar los impuestos distorsivos&#8221;\u200b en l\u00ednea con la reforma tributaria de 2017, aunque advierte que podr\u00edan &#8220;extender el per\u00edodo de implementaci\u00f3n de algunas de estas modificaciones&#8221;. En concreto, este p\u00e1rrafo podr\u00eda estar vinculado con la reformulaci\u00f3n de la escala de reducci\u00f3n de las contribuciones patronales sobre el salario m\u00ednimo, que se extend\u00eda hasta 2021, o bien con la rebaja del esquema del pago de Ganancias para las empresas.<\/p>\n<p>&nbsp;<\/p>\n<p>&nbsp;<\/p>\n<p><strong>Obra p\u00fablica<\/strong> \u200b<\/p>\n<p>Este rubro ser\u00e1 una de las variables centrales del ajuste. El Gobierno ya hab\u00eda pisado el freno en este rubro, al anunciar hace dos meses que \u200bno ejecutar\u00eda una partida de $30.000 millones que ten\u00eda prevista este a\u00f1o para proyectos de infraestructura adicionales. Ahora, advierte que continuar\u00e1 con &#8220;los proyectos de obra p\u00fablica esenciales para dinamizar al competitividad, pero pospondr\u00e1 &#8220;aquellos que no lo sean&#8221;.<\/p>\n<p>&nbsp;<\/p>\n<p>El texto tambi\u00e9n menciona a las asociaciones de participaci\u00f3n p\u00fablico- privada (PPP) y dice que al ser financiadas por el Gobierno &#8220;ser\u00e1n tratadas como adquisiciones p\u00fablicas tradicionales&#8221;, por lo que se medir\u00e1n como parte del d\u00e9ficit nacional. Esto podr\u00eda comprometer la realizaci\u00f3n de algunos proyectos, ya que al contabilizarlos dentro del rojo fiscal pondr\u00edan en riesgo las metas fiscales del acuerdo.<\/p>\n<p>&nbsp;<\/p>\n<p>&nbsp;<\/p>\n<p><strong>Jubilaciones y empleos<\/strong><\/p>\n<p>Aseguran que trabajar\u00e1n para introducir mejoras en el sistema de pensiones que lo hagan &#8220;financieramente sostenible y m\u00e1s justo&#8221;. El texto no detalla si con esto se refiere a la modificaci\u00f3n del sistema de jubilaciones especiales que el Gobierno ya hab\u00eda esbozado o si esto supone una reforma m\u00e1s profunda del sistema general, en la l\u00ednea de la extensi\u00f3n voluntaria de la edad jubilatoria que se implement\u00f3 en la reforma previsional del a\u00f1o pasado.<\/p>\n<p>&nbsp;<\/p>\n<p>Adem\u00e1s, el texto abre la puerta para vender las acciones que est\u00e1n en manos del Fondos de Garant\u00eda de Sustentabilidad (FGS) del ANSES para pagar la reparaci\u00f3n hist\u00f3rica. &#8220;Vamos a amortizar activos de los fondos de pensi\u00f3n&#8221;, detalla el texto. Tambi\u00e9n se acord\u00f3 revisar la contabilizaci\u00f3n de los activos de FGS, lo que podr\u00eda devenir en una modificaci\u00f3n del sistema de pensiones para que sea &#8220;consistente&#8221;.<\/p>\n<p>&nbsp;<\/p>\n<p>En cuanto al empleo p\u00fablico, congelan las vacantes por dos a\u00f1os y &#8220;se eliminar\u00e1n &#8220;las posiciones redundantes&#8221;, un eufemismo para reducci\u00f3n de personal.<\/p>\n<p>&nbsp;<\/p>\n<p>&nbsp;<\/p>\n<p><strong>Gasto social<\/strong><\/p>\n<p>El programa promete &#8220;sostener el gasto en asistencia social&#8221; y en el &#8220;improbable&#8221; caso de que la situaci\u00f3n social se deteriore, asumen el compromiso de &#8220;destinar recursos adicionales&#8221;. As\u00ed, el plan incluye una &#8220;salvaguarda&#8221; para permitir gastos adicionales de $13.500 millones -equivalente al 0,2% del PBI- por a\u00f1o.<\/p>\n<p>&nbsp;<\/p>\n<p>&nbsp;<\/p>\n<p><strong>Pol\u00edticas de g\u00e9nero<\/strong><\/p>\n<p>Adem\u00e1s prometen abordar las &#8220;inequidades de g\u00e9nero arraigadas en el sistema econ\u00f3mico argentino&#8221;. En este punto, Nicol\u00e1s Dujovne le hace un gui\u00f1o a la directora del Fondo, Christiane Lagarde, al decirle: &#8220;buscamos especialmente su respaldo personal en este aspecto&#8221;. &#8220;Est\u00e1s corto de mujeres&#8221;, le hab\u00eda dicho Lagarde a Dujovne en el \u00faltimo encuentro que tuvieron en Washington, en referencia a que no hab\u00eda presencia femenina en el equipo econ\u00f3mico.<\/p>\n","protected":false},"excerpt":{"rendered":"<p>Se conocieron los t\u00e9rminos del acuerdo. Ajuste, subsidios, PBI, inflaci\u00f3n, tipo de cambio y reforma jubilatoria &nbsp; &nbsp; &nbsp; &nbsp; &nbsp; El Gobierno difundi\u00f3 este jueves la carta de intenci\u00f3n y el programa econ\u00f3mico en el que se basa el acuerdo entre la Argentina y el FMI, por un monto de US$50.000 millones a lo largo de 36 meses. Lo hizo mediante la difusi\u00f3n del Memor\u00e1ndum de Pol\u00edticas Econ\u00f3micas y Financieras (MPEF) y Memor\u00e1ndum de Entendimiento T\u00e9cnico (MET), las bases del pacto con el organismo. &nbsp; &nbsp; Crecimiento Entre los&#8230;<\/p>\n","protected":false},"author":3,"featured_media":19094,"comment_status":"closed","ping_status":"closed","sticky":false,"template":"","format":"standard","meta":[],"categories":[9,2],"tags":[],"_links":{"self":[{"href":"https:\/\/www.actualidadadiario.com\/index.php\/wp-json\/wp\/v2\/posts\/28611"}],"collection":[{"href":"https:\/\/www.actualidadadiario.com\/index.php\/wp-json\/wp\/v2\/posts"}],"about":[{"href":"https:\/\/www.actualidadadiario.com\/index.php\/wp-json\/wp\/v2\/types\/post"}],"author":[{"embeddable":true,"href":"https:\/\/www.actualidadadiario.com\/index.php\/wp-json\/wp\/v2\/users\/3"}],"replies":[{"embeddable":true,"href":"https:\/\/www.actualidadadiario.com\/index.php\/wp-json\/wp\/v2\/comments?post=28611"}],"version-history":[{"count":1,"href":"https:\/\/www.actualidadadiario.com\/index.php\/wp-json\/wp\/v2\/posts\/28611\/revisions"}],"predecessor-version":[{"id":28612,"href":"https:\/\/www.actualidadadiario.com\/index.php\/wp-json\/wp\/v2\/posts\/28611\/revisions\/28612"}],"wp:featuredmedia":[{"embeddable":true,"href":"https:\/\/www.actualidadadiario.com\/index.php\/wp-json\/wp\/v2\/media\/19094"}],"wp:attachment":[{"href":"https:\/\/www.actualidadadiario.com\/index.php\/wp-json\/wp\/v2\/media?parent=28611"}],"wp:term":[{"taxonomy":"category","embeddable":true,"href":"https:\/\/www.actualidadadiario.com\/index.php\/wp-json\/wp\/v2\/categories?post=28611"},{"taxonomy":"post_tag","embeddable":true,"href":"https:\/\/www.actualidadadiario.com\/index.php\/wp-json\/wp\/v2\/tags?post=28611"}],"curies":[{"name":"wp","href":"https:\/\/api.w.org\/{rel}","templated":true}]}}