{"id":2861,"date":"2016-10-19T09:14:53","date_gmt":"2016-10-19T12:14:53","guid":{"rendered":"http:\/\/actualidadadiario.com\/site\/?p=2861"},"modified":"2016-10-19T09:14:53","modified_gmt":"2016-10-19T12:14:53","slug":"en-medio-de-protestas-hoy-termina-la-evaluacion-a-mas-de-un-millon-de-estudiantes-de-todo-el-pais","status":"publish","type":"post","link":"https:\/\/www.actualidadadiario.com\/index.php\/2016\/10\/19\/en-medio-de-protestas-hoy-termina-la-evaluacion-a-mas-de-un-millon-de-estudiantes-de-todo-el-pais\/","title":{"rendered":"En medio de protestas, hoy termina la evaluaci\u00f3n a m\u00e1s de un mill\u00f3n de estudiantes de todo el pa\u00eds"},"content":{"rendered":"<p><em><strong>En medio de movilizaciones, tomas de colegios y cr\u00edticas, arranc\u00f3 este martes la evaluaci\u00f3n nacional Aprender con pruebas a 1.400.000 alumnos de escuelas p\u00fablicas y privadas de todo el pa\u00eds con el objetivo de mejorar la calidad educativa<\/strong><\/em><\/p>\n<p>&nbsp;<\/p>\n<p>&nbsp;<\/p>\n<p>&nbsp;<\/p>\n<p>&nbsp;<\/p>\n<p>&nbsp;<\/p>\n<p>La evaluaci\u00f3n se extender\u00e1 hasta este mi\u00e9rcoles en 31.000 establecimientos educativos en distintos puntos de pa\u00eds. Participan estudiantes que est\u00e9n cursando 6\u00b0 grado del nivel primario y 5\u00b0\/6\u00b0 a\u00f1o del nivel secundario de todo el sistema educativo nacional y una muestra de estudiantes en 3\u00b0 grado del nivel primario y en 2\u00b0\/3\u00b0 a\u00f1o del nivel secundario.<\/p>\n<p>&nbsp;<\/p>\n<p>Adem\u00e1s de medir los contenidos espec\u00edficos de materias que se ense\u00f1an en la escuela, este examen de car\u00e1cter an\u00f3nimo tambi\u00e9n incluye un cuestionario de contexto para indagar sobre clima escolar, estrategia de ense\u00f1anza y aprendizaje.<\/p>\n<p>&nbsp;<\/p>\n<p>El presidente Mauricio Macri sali\u00f3 este martes a respaldar la iniciativa al se\u00f1alar: &#8220;Evaluamos para mejorar. Para transformar la realidad, primero tenemos que conocerla tal cual es&#8221;. &#8220;No se trata de buscar culpables. Es una radiograf\u00eda del sistema educativo nacional para diagnosticar y a partir de ah\u00ed avanzar&#8221;, escribi\u00f3 en su cuenta de Twitter.<\/p>\n<p>&nbsp;<\/p>\n<p>La evaluaci\u00f3n es duramente cuestionada por los sindicatos docentes, que denuncian la supuesta intenci\u00f3n oficial de generar un &#8220;ranking de escuelas&#8221; con presuntos objetivos &#8220;punitivos&#8221; sobre establecimientos y docentes.<\/p>\n<p>&nbsp;<\/p>\n<p>Los gremios advierten que no fueron consultados y sostuvieron que, al ser estandarizada, no refleja el contexto de escuelas y alumnos, entre otros ejes. Por tal motivo, el sindicato de docentes CTERA llevaba a cabo este martes una protesta nacional que se extender\u00e1 hasta el mi\u00e9rcoles e incluso en algunas provincias como en Santa Cruz, Neuqu\u00e9n, R\u00edo Negro y Tierra del Fuego, el malestar se transform\u00f3 en una huelga docente.<\/p>\n<p>&nbsp;<\/p>\n<p>La Asociaci\u00f3n Docente ADEMYS realiz\u00f3 este martes una concentraci\u00f3n en Acoyte y Rivadavia de la ciudad de Buenos Aires, para explicar las consecuencias negativas que a su criterio conlleva el Operativo Aprender.<\/p>\n<p>&nbsp;<\/p>\n<p>El secretario general del gremio Suteba, Roberto Baradel, tambi\u00e9n manifest\u00f3 este martes su rechazo contra la evaluaci\u00f3n, al se\u00f1alar que la forma en que fue implementada &#8220;no establece un diagn\u00f3stico de en qu\u00e9 situaci\u00f3n se est\u00e1&#8221;.<\/p>\n<p>&nbsp;<\/p>\n<p>&#8220;El resultado ya est\u00e1 y la conclusi\u00f3n es que los chicos no aprenden porque los maestros no ense\u00f1an. Y entonces hay que avanzar sobre los derechos de los trabajadores, pero tambi\u00e9n segmentar el sistema educativo de tal manera que la privatizaci\u00f3n empiece a calar en el sistema de ense\u00f1anza p\u00fablica de la Argentina&#8221;, dijo.<\/p>\n<p>&nbsp;<\/p>\n<p>Al menos siete escuelas de la provincia de Buenos Aires estuvieron tomadas este martes por estudiantes que, con el apoyo de docentes y padres, expresaron su disconformidad con la iniciativa.<\/p>\n<p>&nbsp;<\/p>\n<p>Alumnos de la Escuela Normal Antonio Mentruyt, de Banfield, continuaron este martes con la toma el colegio iniciada el viernes en rechazo a la evaluaci\u00f3n y seg\u00fan anunciaron la medida se extender\u00e1 hasta el mi\u00e9rcoles.<\/p>\n<p>&nbsp;<\/p>\n<p>En la Escuela Normal de Quilmes y el colegio Nacional de Adrogu\u00e9, estudiantes se manifestaron contra la evaluaci\u00f3n con carteles en la puerta de los establecimientos y se sumaron a la protesta de otras cinco escuelas del partido de Lomas de Zamora.<\/p>\n","protected":false},"excerpt":{"rendered":"<p>En medio de movilizaciones, tomas de colegios y cr\u00edticas, arranc\u00f3 este martes la evaluaci\u00f3n nacional Aprender con pruebas a 1.400.000 alumnos de escuelas p\u00fablicas y privadas de todo el pa\u00eds con el objetivo de mejorar la calidad educativa &nbsp; &nbsp; &nbsp; &nbsp; &nbsp; La evaluaci\u00f3n se extender\u00e1 hasta este mi\u00e9rcoles en 31.000 establecimientos educativos en distintos puntos de pa\u00eds. Participan estudiantes que est\u00e9n cursando 6\u00b0 grado del nivel primario y 5\u00b0\/6\u00b0 a\u00f1o del nivel secundario de todo el sistema educativo nacional y una muestra de estudiantes en 3\u00b0 grado del&#8230;<\/p>\n","protected":false},"author":3,"featured_media":2862,"comment_status":"closed","ping_status":"closed","sticky":false,"template":"","format":"standard","meta":[],"categories":[9],"tags":[],"_links":{"self":[{"href":"https:\/\/www.actualidadadiario.com\/index.php\/wp-json\/wp\/v2\/posts\/2861"}],"collection":[{"href":"https:\/\/www.actualidadadiario.com\/index.php\/wp-json\/wp\/v2\/posts"}],"about":[{"href":"https:\/\/www.actualidadadiario.com\/index.php\/wp-json\/wp\/v2\/types\/post"}],"author":[{"embeddable":true,"href":"https:\/\/www.actualidadadiario.com\/index.php\/wp-json\/wp\/v2\/users\/3"}],"replies":[{"embeddable":true,"href":"https:\/\/www.actualidadadiario.com\/index.php\/wp-json\/wp\/v2\/comments?post=2861"}],"version-history":[{"count":1,"href":"https:\/\/www.actualidadadiario.com\/index.php\/wp-json\/wp\/v2\/posts\/2861\/revisions"}],"predecessor-version":[{"id":2863,"href":"https:\/\/www.actualidadadiario.com\/index.php\/wp-json\/wp\/v2\/posts\/2861\/revisions\/2863"}],"wp:featuredmedia":[{"embeddable":true,"href":"https:\/\/www.actualidadadiario.com\/index.php\/wp-json\/wp\/v2\/media\/2862"}],"wp:attachment":[{"href":"https:\/\/www.actualidadadiario.com\/index.php\/wp-json\/wp\/v2\/media?parent=2861"}],"wp:term":[{"taxonomy":"category","embeddable":true,"href":"https:\/\/www.actualidadadiario.com\/index.php\/wp-json\/wp\/v2\/categories?post=2861"},{"taxonomy":"post_tag","embeddable":true,"href":"https:\/\/www.actualidadadiario.com\/index.php\/wp-json\/wp\/v2\/tags?post=2861"}],"curies":[{"name":"wp","href":"https:\/\/api.w.org\/{rel}","templated":true}]}}