{"id":28609,"date":"2018-06-15T12:02:15","date_gmt":"2018-06-15T15:02:15","guid":{"rendered":"https:\/\/www.actualidadadiario.com\/?p=28609"},"modified":"2018-11-06T19:43:54","modified_gmt":"2018-11-06T22:43:54","slug":"universidades-nacionales-destacaron-la-media-sancion-de-la-legalizacion-del-aborto","status":"publish","type":"post","link":"https:\/\/www.actualidadadiario.com\/index.php\/2018\/06\/15\/universidades-nacionales-destacaron-la-media-sancion-de-la-legalizacion-del-aborto\/","title":{"rendered":"Universidades nacionales destacaron la media sanci\u00f3n de la legalizaci\u00f3n del aborto"},"content":{"rendered":"<p><em><strong>La Universidad de Buenos Aires valor\u00f3 la atenci\u00f3n que podr\u00e1n tener las mujeres, mientras que la Universidad de La Plata habl\u00f3 de las obligaciones del Estado<\/strong><\/em><\/p>\n<p>&nbsp;<\/p>\n<p>&nbsp;<\/p>\n<p>&nbsp;<\/p>\n<p>&nbsp;<\/p>\n<p>&nbsp;<\/p>\n<p>La Universidad de Buenos Aires asegur\u00f3 este jueves que con la sanci\u00f3n del proyecto de legalizaci\u00f3n del aborto por parte de Diputados &#8220;las mujeres tendr\u00e1n los cuidados m\u00e9dicos necesarios y la contenci\u00f3n que una intervenci\u00f3n as\u00ed requiere&#8221;.<\/p>\n<p>&nbsp;<\/p>\n<p>La casa de estudios superiores destac\u00f3 adem\u00e1s que de esta forma se evita tambi\u00e9n &#8220;la vulneraci\u00f3n subjetiva que producen la verg\u00fcenza y la estigmatizaci\u00f3n provocada por la clandestinidad&#8221;.<\/p>\n<p>&nbsp;<\/p>\n<p>La UBA elogi\u00f3 adem\u00e1s el debate parlamentario &#8220;en el que se respetaron los diversos posicionamientos pol\u00edticos, epistemol\u00f3gicos y religiosos&#8221; lo que demuestra &#8220;la madurez de una sociedad&#8221;.<\/p>\n<p>&nbsp;<\/p>\n<p>En tanto, la Universidad Nacional de La Plata celebr\u00f3 la aprobaci\u00f3n por parte de la C\u00e1mara de Diputados de la Naci\u00f3n del Proyecto de Ley de interrupci\u00f3n voluntaria del embarazo.<\/p>\n<p>&nbsp;<\/p>\n<p>En su p\u00e1gina web y las redes sociales, la Universidad celebr\u00f3 la aprobaci\u00f3n y record\u00f3 que ya en 2010 el Consejo Superior de la UNLP fij\u00f3 posici\u00f3n y se pronunci\u00f3 a favor de un cambio en la legislaci\u00f3n nacional para despenalizar la interrupci\u00f3n de embarazos, legalizando el aborto seguro y gratuito.<\/p>\n<p>&nbsp;<\/p>\n<p>&#8220;La problem\u00e1tica del aborto es una problem\u00e1tica a la salud p\u00fablica, vinculada a los derechos de las mujeres en tanto ciudadanas y frente a las cuales el Estado tiene la obligaci\u00f3n de proteger ese derecho&#8221;, apunt\u00f3 la prosecretaria de Derechos Humanos de la instituci\u00f3n, Ver\u00f3nica Cruz.<\/p>\n","protected":false},"excerpt":{"rendered":"<p>La Universidad de Buenos Aires valor\u00f3 la atenci\u00f3n que podr\u00e1n tener las mujeres, mientras que la Universidad de La Plata habl\u00f3 de las obligaciones del Estado &nbsp; &nbsp; &nbsp; &nbsp; &nbsp; La Universidad de Buenos Aires asegur\u00f3 este jueves que con la sanci\u00f3n del proyecto de legalizaci\u00f3n del aborto por parte de Diputados &#8220;las mujeres tendr\u00e1n los cuidados m\u00e9dicos necesarios y la contenci\u00f3n que una intervenci\u00f3n as\u00ed requiere&#8221;. &nbsp; La casa de estudios superiores destac\u00f3 adem\u00e1s que de esta forma se evita tambi\u00e9n &#8220;la vulneraci\u00f3n subjetiva que producen la verg\u00fcenza&#8230;<\/p>\n","protected":false},"author":3,"featured_media":28530,"comment_status":"closed","ping_status":"closed","sticky":false,"template":"","format":"standard","meta":[],"categories":[2],"tags":[],"_links":{"self":[{"href":"https:\/\/www.actualidadadiario.com\/index.php\/wp-json\/wp\/v2\/posts\/28609"}],"collection":[{"href":"https:\/\/www.actualidadadiario.com\/index.php\/wp-json\/wp\/v2\/posts"}],"about":[{"href":"https:\/\/www.actualidadadiario.com\/index.php\/wp-json\/wp\/v2\/types\/post"}],"author":[{"embeddable":true,"href":"https:\/\/www.actualidadadiario.com\/index.php\/wp-json\/wp\/v2\/users\/3"}],"replies":[{"embeddable":true,"href":"https:\/\/www.actualidadadiario.com\/index.php\/wp-json\/wp\/v2\/comments?post=28609"}],"version-history":[{"count":1,"href":"https:\/\/www.actualidadadiario.com\/index.php\/wp-json\/wp\/v2\/posts\/28609\/revisions"}],"predecessor-version":[{"id":28610,"href":"https:\/\/www.actualidadadiario.com\/index.php\/wp-json\/wp\/v2\/posts\/28609\/revisions\/28610"}],"wp:featuredmedia":[{"embeddable":true,"href":"https:\/\/www.actualidadadiario.com\/index.php\/wp-json\/wp\/v2\/media\/28530"}],"wp:attachment":[{"href":"https:\/\/www.actualidadadiario.com\/index.php\/wp-json\/wp\/v2\/media?parent=28609"}],"wp:term":[{"taxonomy":"category","embeddable":true,"href":"https:\/\/www.actualidadadiario.com\/index.php\/wp-json\/wp\/v2\/categories?post=28609"},{"taxonomy":"post_tag","embeddable":true,"href":"https:\/\/www.actualidadadiario.com\/index.php\/wp-json\/wp\/v2\/tags?post=28609"}],"curies":[{"name":"wp","href":"https:\/\/api.w.org\/{rel}","templated":true}]}}