{"id":28606,"date":"2018-06-15T12:01:04","date_gmt":"2018-06-15T15:01:04","guid":{"rendered":"https:\/\/www.actualidadadiario.com\/?p=28606"},"modified":"2018-11-06T19:43:54","modified_gmt":"2018-11-06T22:43:54","slug":"caceres-marco-que-bordet-esta-decidido-a-liderar-el-proceso-electoral-que-viene","status":"publish","type":"post","link":"https:\/\/www.actualidadadiario.com\/index.php\/2018\/06\/15\/caceres-marco-que-bordet-esta-decidido-a-liderar-el-proceso-electoral-que-viene\/","title":{"rendered":"C\u00e1ceres marc\u00f3 que \u201cBordet est\u00e1 decidido a liderar el proceso electoral que viene\u201d"},"content":{"rendered":"<p><em><strong>El gobernador Gustavo Bordet mantuvo un encuentro con el ex vicegobernador y secretario general del Partido Justicialista (PJ), Jos\u00e9 C\u00e1ceres, en el que trataron cuestiones vinculadas a lo pol\u00edtico partidario y la realidad del pa\u00eds<\/strong><\/em><\/p>\n<p>&nbsp;<\/p>\n<p>&nbsp;<\/p>\n<p>&nbsp;<\/p>\n<p>&#8220;Estuvimos hablando de pol\u00edtica y de la situaci\u00f3n que est\u00e1 viviendo el pa\u00eds. El gobernador est\u00e1 preocupado por la gente que la est\u00e1 pasando mal, las fuentes de trabajo, la inflaci\u00f3n y por la situaci\u00f3n econ\u00f3mica del gobierno nacional&#8221;, sintetiz\u00f3 el dirigente pol\u00edtico en un comunicado enviado desde la Gobernaci\u00f3n.<\/p>\n<p>&nbsp;<\/p>\n<p>&#8220;Fue una charla que nos deb\u00edamos. El gobernador conduce el partido y est\u00e1 decidido a liderar el proceso electoral que se viene. \u00c9l est\u00e1 abocado a la gesti\u00f3n, y ahora tendr\u00e1 que pensar tambi\u00e9n como encuentra los tiempos para desarrollar una actividad pol\u00edtica partidaria y pensando electoralmente, m\u00e1s all\u00e1 de las definiciones pendientes&#8221;, agreg\u00f3.<\/p>\n<p>&nbsp;<\/p>\n<p>Habl\u00f3, adem\u00e1s, de la preocupaci\u00f3n del mandatario por &#8220;el aumento de precios y la garant\u00eda que la provincia brinde servicios como el de comedores escolares y comunitarios. Medidas de acci\u00f3n de un gobierno peronista como el que \u00e9l encarna&#8221;.<\/p>\n<p>&nbsp;<\/p>\n<p>&nbsp;<\/p>\n<p><strong>Sobre el PJ<\/strong><\/p>\n<p>&#8220;Hablamos tambi\u00e9n del Partido Justicialista y de la intervenci\u00f3n a nivel nacional&#8221;, sostuvo en su car\u00e1cter de congresal nacional y su participaci\u00f3n en el Congreso Nacional del Partido Justicialista que se hizo d\u00edas atr\u00e1s. En ese marco, C\u00e1ceres coment\u00f3 que el mandatario le expres\u00f3 &#8220;el repudio por cualquier intervenci\u00f3n, y espec\u00edficamente la del PJ&#8221;.<\/p>\n<p>&nbsp;<\/p>\n<p>Dijo, en cuanto al Partido Justicialista provincial, que &#8220;est\u00e1n todos los n\u00fameros y la cuesti\u00f3n legal al d\u00eda. No habr\u00eda ning\u00fan motivo como para que los que intervinieron el partido nacional se le ocurra intervenir en provincias, y muchos menos en \u00e9sta que tiene todo en regla&#8221;, remarc\u00f3.<\/p>\n<p>&nbsp;<\/p>\n<p>Coment\u00f3, en otro orden el que fue vicegobernador durante la segunda gesti\u00f3n de Sergio Urribarri, que tambi\u00e9n se trat\u00f3 &#8220;la acci\u00f3n pol\u00edtica que se ir\u00e1 llevando a cabo con el PJ ya pensando en las pr\u00f3ximas elecciones de caras a la renovaci\u00f3n de autoridades a nivel provincial y municipios. Fue una charla pol\u00edtica&#8221;.<\/p>\n","protected":false},"excerpt":{"rendered":"<p>El gobernador Gustavo Bordet mantuvo un encuentro con el ex vicegobernador y secretario general del Partido Justicialista (PJ), Jos\u00e9 C\u00e1ceres, en el que trataron cuestiones vinculadas a lo pol\u00edtico partidario y la realidad del pa\u00eds &nbsp; &nbsp; &nbsp; &#8220;Estuvimos hablando de pol\u00edtica y de la situaci\u00f3n que est\u00e1 viviendo el pa\u00eds. El gobernador est\u00e1 preocupado por la gente que la est\u00e1 pasando mal, las fuentes de trabajo, la inflaci\u00f3n y por la situaci\u00f3n econ\u00f3mica del gobierno nacional&#8221;, sintetiz\u00f3 el dirigente pol\u00edtico en un comunicado enviado desde la Gobernaci\u00f3n. &nbsp; &#8220;Fue&#8230;<\/p>\n","protected":false},"author":3,"featured_media":28607,"comment_status":"closed","ping_status":"closed","sticky":false,"template":"","format":"standard","meta":[],"categories":[15],"tags":[],"_links":{"self":[{"href":"https:\/\/www.actualidadadiario.com\/index.php\/wp-json\/wp\/v2\/posts\/28606"}],"collection":[{"href":"https:\/\/www.actualidadadiario.com\/index.php\/wp-json\/wp\/v2\/posts"}],"about":[{"href":"https:\/\/www.actualidadadiario.com\/index.php\/wp-json\/wp\/v2\/types\/post"}],"author":[{"embeddable":true,"href":"https:\/\/www.actualidadadiario.com\/index.php\/wp-json\/wp\/v2\/users\/3"}],"replies":[{"embeddable":true,"href":"https:\/\/www.actualidadadiario.com\/index.php\/wp-json\/wp\/v2\/comments?post=28606"}],"version-history":[{"count":1,"href":"https:\/\/www.actualidadadiario.com\/index.php\/wp-json\/wp\/v2\/posts\/28606\/revisions"}],"predecessor-version":[{"id":28608,"href":"https:\/\/www.actualidadadiario.com\/index.php\/wp-json\/wp\/v2\/posts\/28606\/revisions\/28608"}],"wp:featuredmedia":[{"embeddable":true,"href":"https:\/\/www.actualidadadiario.com\/index.php\/wp-json\/wp\/v2\/media\/28607"}],"wp:attachment":[{"href":"https:\/\/www.actualidadadiario.com\/index.php\/wp-json\/wp\/v2\/media?parent=28606"}],"wp:term":[{"taxonomy":"category","embeddable":true,"href":"https:\/\/www.actualidadadiario.com\/index.php\/wp-json\/wp\/v2\/categories?post=28606"},{"taxonomy":"post_tag","embeddable":true,"href":"https:\/\/www.actualidadadiario.com\/index.php\/wp-json\/wp\/v2\/tags?post=28606"}],"curies":[{"name":"wp","href":"https:\/\/api.w.org\/{rel}","templated":true}]}}