{"id":28603,"date":"2018-06-15T12:00:20","date_gmt":"2018-06-15T15:00:20","guid":{"rendered":"https:\/\/www.actualidadadiario.com\/?p=28603"},"modified":"2018-11-06T19:43:54","modified_gmt":"2018-11-06T22:43:54","slug":"bordet-ratifico-que-la-educacion-universitaria-es-un-derecho","status":"publish","type":"post","link":"https:\/\/www.actualidadadiario.com\/index.php\/2018\/06\/15\/bordet-ratifico-que-la-educacion-universitaria-es-un-derecho\/","title":{"rendered":"Bordet ratific\u00f3 que la educaci\u00f3n universitaria es un derecho"},"content":{"rendered":"<p><em><strong>El gobernador Gustavo Bordet sostuvo que la Universidad P\u00fablica \u201ces un derecho\u201d y que \u201cno deber\u00eda estar sujeta a criterio alguno de rentabilidad\u201d. Lo hizo al recordar los 100 a\u00f1os de la reforma universitaria<\/strong><\/em><\/p>\n<p>&nbsp;<\/p>\n<p>&nbsp;<\/p>\n<p>&nbsp;<\/p>\n<p>&nbsp;<\/p>\n<p>&nbsp;<\/p>\n<p>Bordet comparti\u00f3 con sus pares de Santa Fe, Miguel Lifschitz, y de C\u00f3rdoba, Juan Schiaretti, la visita al hist\u00f3rico sal\u00f3n del consejo superior del rectorado antiguo de la Universidad Nacional de C\u00f3rdoba. Los tres mandatarios recibieron una r\u00e9plica del monumento que se construy\u00f3 en esa ciudad para conmemorar el centenario de la reforma de 1918.<\/p>\n<p>&nbsp;<\/p>\n<p>En ese marco, el gobernador entrerriano sostuvo que la Reforma \u201cfue un hito hist\u00f3rico que tiene un correlato hasta nuestros d\u00edas. Quienes nos educamos en las universidades p\u00fablicas lo hicimos bajo los conceptos de la Reforma del 18, compartiendo lo que es una forma de gobierno donde los estudiantes tuvimos plena participaci\u00f3n, sobre todo despu\u00e9s de la recuperaci\u00f3n de la democracia en 1983\u201d, y complet\u00f3: \u201cPoder estar aqu\u00ed, en esta casa hist\u00f3rica, conmemorando los 100 a\u00f1os, es realmente un orgullo\u201d.<\/p>\n<p>&nbsp;<\/p>\n<p>Bordet destac\u00f3 el \u201cesp\u00edritu transformador y libertario\u201d de aquel acontecimiento hist\u00f3rico, \u201cel fenomenal movimiento estudiantil de la Argentina\u201d, y calific\u00f3 a los hechos de 1918 como un \u201cpunto de partida para una educaci\u00f3n p\u00fablica, gratuita y de calidad, y para la construcci\u00f3n de una sociedad con igualdad de oportunidades\u201d.<\/p>\n<p>&nbsp;<\/p>\n<p>Adem\u00e1s defini\u00f3 a la educaci\u00f3n universitaria como \u201cun derecho humano universal\u201d y como \u201cun deber\u201d del Estado. \u201cEl acceso a ella es el primer y principal paso para lograr que haya verdadera justicia social en Argentina\u201d, afirm\u00f3 y ratific\u00f3 que \u201cla inversi\u00f3n en educaci\u00f3n universitaria no deber\u00eda estar sujeta a criterio alguno de rentabilidad\u201d.<\/p>\n<p>&nbsp;<\/p>\n<p>El mandatario entrerriano se remont\u00f3 a \u201ccomienzos de los 80\u201d y a los inicios de su militancia estudiantil en \u00e9pocas de la recuperaci\u00f3n democr\u00e1tica, donde lleg\u00f3 a ser consejero de la Universidad Nacional de Entre R\u00edos.<\/p>\n<p>&nbsp;<\/p>\n<p>\u201cNos resultaba urgente dejar atr\u00e1s cualquier vestigio dictatorial y alumbrar la esperanza de una transformaci\u00f3n que consolidara la democracia y que recuperara el abrigo de la pol\u00edtica para los m\u00e1s humildes\u201d, expres\u00f3.<\/p>\n<p>&nbsp;<\/p>\n<p>Para Bordet la universidad p\u00fablica fue \u201cel \u00e1mbito en el que nos formamos no s\u00f3lo como profesionales, sino como militantes pol\u00edticos, como hombres y mujeres de la democracia\u201d, dijo y remarc\u00f3 que fue ah\u00ed \u201cdonde abrazamos la lucha por la libertad frente a los dogmas instituidos y donde ratificamos nuestro compromiso con la verdad, como principal camino para construir una patria justa, libre y soberana\u201d.<\/p>\n<p>&nbsp;<\/p>\n<p>\u201cHoy celebro este aniversario recordando aquellos a\u00f1os tan hermosos de lucha, de debates y descubrimientos que me permitieron ejercer el cargo de Consejero de la Universidad Nacional de Entre R\u00edos. Y lo hago tambi\u00e9n con la tranquilidad que me da sabernos en la misma senda que antes, defendiendo con acciones concretas y mucha responsabilidad la universidad p\u00fablica en la provincia que permite a miles de j\u00f3venes ser los primeros universitarios de su familia. Porque sabemos que esa es la verdadera forma de conquistar las libertades que nos faltan\u201d, concluy\u00f3.<\/p>\n<p>&nbsp;<\/p>\n<p>&nbsp;<\/p>\n<p><strong>Acontecimiento hist\u00f3rico<\/strong><\/p>\n<p>La Reforma Universitaria de 1918, tambi\u00e9n denominada Grito de C\u00f3rdoba o simplemente Reforma Universitaria, fue un movimiento de proyecci\u00f3n latinoamericana para democratizar la universidad y otorgarle un car\u00e1cter cient\u00edfico, que se inici\u00f3 con una rebeli\u00f3n estudiantil en la Universidad Nacional de C\u00f3rdoba, que se extendi\u00f3 entre marzo y octubre de 1918, durante el cual se produjeron enfrentamientos entre reformistas y cat\u00f3licos.<\/p>\n<p>&nbsp;<\/p>\n<p>Su fecha simb\u00f3lica es el 15 de junio de 1918, momento en el cual los estudiantes irrumpieron en la Universidad para impedir que se consumara la elecci\u00f3n del rector y declararon una segunda huelga general. Tuvo su pico culminante el 9 de septiembre cuando la Federaci\u00f3n Universitaria de C\u00f3rdoba asumi\u00f3 la direcci\u00f3n de la Universidad y el gobierno orden\u00f3 al Ej\u00e9rcito reprimir la ocupaci\u00f3n. Durante el curso del conflicto y a pedido de los estudiantes, el presidente Hip\u00f3lito Yrigoyen intervino dos veces la Universidad para que se reformaran los estatutos y se realizaran nuevas elecciones de sus autoridades. La revuelta estudiantil cordobesa tuvo su expresi\u00f3n en el c\u00e9lebre Manifiesto liminar de la Federaci\u00f3n Universitaria de C\u00f3rdoba, titulado &#8220;La Juventud argentina de C\u00f3rdoba a los Hombres Libres de Sudam\u00e9rica&#8221;,<\/p>\n<p>&nbsp;<\/p>\n<p>El movimiento se extendi\u00f3 r\u00e1pidamente a las dem\u00e1s universidades del pa\u00eds, impulsado principalmente por el movimiento estudiantil organizado en la reci\u00e9n creada Federaci\u00f3n Universitaria Argentina (FUA), y a varias universidades de Am\u00e9rica Latina, produciendo reformas en los estatutos y leyes universitarias, que consagraron la autonom\u00eda universitaria, el cogobierno (que estableci\u00f3 la participaci\u00f3n de los estudiantes en la gesti\u00f3n de las universidades), la extensi\u00f3n universitaria, la periodicidad de las c\u00e1tedras, los concursos de oposici\u00f3n y la gratuidad de la ense\u00f1anza universitaria.<\/p>\n","protected":false},"excerpt":{"rendered":"<p>El gobernador Gustavo Bordet sostuvo que la Universidad P\u00fablica \u201ces un derecho\u201d y que \u201cno deber\u00eda estar sujeta a criterio alguno de rentabilidad\u201d. Lo hizo al recordar los 100 a\u00f1os de la reforma universitaria &nbsp; &nbsp; &nbsp; &nbsp; &nbsp; Bordet comparti\u00f3 con sus pares de Santa Fe, Miguel Lifschitz, y de C\u00f3rdoba, Juan Schiaretti, la visita al hist\u00f3rico sal\u00f3n del consejo superior del rectorado antiguo de la Universidad Nacional de C\u00f3rdoba. Los tres mandatarios recibieron una r\u00e9plica del monumento que se construy\u00f3 en esa ciudad para conmemorar el centenario de&#8230;<\/p>\n","protected":false},"author":3,"featured_media":28604,"comment_status":"closed","ping_status":"closed","sticky":false,"template":"","format":"standard","meta":[],"categories":[15],"tags":[],"_links":{"self":[{"href":"https:\/\/www.actualidadadiario.com\/index.php\/wp-json\/wp\/v2\/posts\/28603"}],"collection":[{"href":"https:\/\/www.actualidadadiario.com\/index.php\/wp-json\/wp\/v2\/posts"}],"about":[{"href":"https:\/\/www.actualidadadiario.com\/index.php\/wp-json\/wp\/v2\/types\/post"}],"author":[{"embeddable":true,"href":"https:\/\/www.actualidadadiario.com\/index.php\/wp-json\/wp\/v2\/users\/3"}],"replies":[{"embeddable":true,"href":"https:\/\/www.actualidadadiario.com\/index.php\/wp-json\/wp\/v2\/comments?post=28603"}],"version-history":[{"count":1,"href":"https:\/\/www.actualidadadiario.com\/index.php\/wp-json\/wp\/v2\/posts\/28603\/revisions"}],"predecessor-version":[{"id":28605,"href":"https:\/\/www.actualidadadiario.com\/index.php\/wp-json\/wp\/v2\/posts\/28603\/revisions\/28605"}],"wp:featuredmedia":[{"embeddable":true,"href":"https:\/\/www.actualidadadiario.com\/index.php\/wp-json\/wp\/v2\/media\/28604"}],"wp:attachment":[{"href":"https:\/\/www.actualidadadiario.com\/index.php\/wp-json\/wp\/v2\/media?parent=28603"}],"wp:term":[{"taxonomy":"category","embeddable":true,"href":"https:\/\/www.actualidadadiario.com\/index.php\/wp-json\/wp\/v2\/categories?post=28603"},{"taxonomy":"post_tag","embeddable":true,"href":"https:\/\/www.actualidadadiario.com\/index.php\/wp-json\/wp\/v2\/tags?post=28603"}],"curies":[{"name":"wp","href":"https:\/\/api.w.org\/{rel}","templated":true}]}}