{"id":28591,"date":"2018-06-15T11:57:17","date_gmt":"2018-06-15T14:57:17","guid":{"rendered":"https:\/\/www.actualidadadiario.com\/?p=28591"},"modified":"2018-11-06T19:43:55","modified_gmt":"2018-11-06T22:43:55","slug":"varisco-aporto-documentacion-ofrecio-testimoniales-y-pidio-la-colaboracion-de-la-afi","status":"publish","type":"post","link":"https:\/\/www.actualidadadiario.com\/index.php\/2018\/06\/15\/varisco-aporto-documentacion-ofrecio-testimoniales-y-pidio-la-colaboracion-de-la-afi\/","title":{"rendered":"Varisco aport\u00f3 documentaci\u00f3n, ofreci\u00f3 testimoniales y pidi\u00f3 la colaboraci\u00f3n de la AFI"},"content":{"rendered":"<p><em><strong>El intendente de Paran\u00e1 Sergio Varisco, ofreci\u00f3 documentaci\u00f3n y testimoniales este jueves, en la ampliaci\u00f3n de su indagatoria frente al juez federal Leandro R\u00edos. El jefe comunal tambi\u00e9n sum\u00f3 entre sus abogados defensores a Mariano C\u00faneo Libarona, quien al llegar a tribunales sostuvo que Varisco es inocente y calific\u00f3 de \u201cconfusa\u201d a la imputaci\u00f3n<\/strong><\/em><\/p>\n<p>&nbsp;<\/p>\n<p>&nbsp;<\/p>\n<p>&nbsp;<\/p>\n<p>El intendente se\u00f1al\u00f3: \u201cVine a disipar todas las dudas que pod\u00eda haber respecto de esta causa. Aport\u00e9 pruebas y ped\u00ed nuevas pruebas. Incluso que vengan otros organismos gubernamentales y se sumen a la investigaci\u00f3n. Creo que esto demuestra mi inocencia\u201d, dijo Sergio Varisco, en la vereda del Juzgado Federal de Primera Instancia de Paran\u00e1, a la salida de la ampliaci\u00f3n de indagatoria frente al juez Federal Leandro R\u00edos. \u201cEn esta ocasi\u00f3n lo que hizo el juez fundamentalmente, fue escuchar mi interpretaci\u00f3n de los hechos, mi verdad, y los elementos que aport\u00e9 a la causa. En la primera indagatoria desconoc\u00eda lo que se me imputaba, por eso ped\u00ed la ampliaci\u00f3n de indagatoria ahora, porque conoc\u00ed un expediente que tiene m\u00e1s de 4.000 fojas, que tiene seis meses de investigaci\u00f3n\u201d, explic\u00f3.<\/p>\n<p>&nbsp;<\/p>\n<p>Sobre el abogado Mariano C\u00faneo Libarona, que se sum\u00f3 este jueves a la defensa t\u00e9cnica del intendente, Varisco admiti\u00f3 que lo conoce desde \u201chace tiempo\u201d. \u201cM\u00e1s all\u00e1 que figuran dos abogados y un sustituto, hay un equipo de amigos que est\u00e1n colaborando conmigo\u201d, acot\u00f3.<\/p>\n<p>&nbsp;<\/p>\n<p>Por su parte, el abogado Miguel \u00c1ngel Cullen ratific\u00f3 que ofrecieron \u201cnuevos puntos de prueba que creemos que van a servir para aclarar de una vez por todas esta situaci\u00f3n\u201d. \u201cEstamos a la espera de que el juez nos provea esa prueba cuando lo crea conveniente. Se pidi\u00f3 la colaboraci\u00f3n de la AFI nada menos, a fin de dilucidar cuestiones que puedan generar duda a su se\u00f1or\u00eda, para que est\u00e9 tranquilo\u201d, desliz\u00f3 Cullen.<\/p>\n<p>&nbsp;<\/p>\n<p>Asimismo, el abogado adelant\u00f3 que probablemente contin\u00faen pidiendo ampliaciones de indagatoria, a medida que \u201cvayamos conociendo el expediente\u201d y subray\u00f3 que no hay ning\u00fan motivo para la detenci\u00f3n preventiva del intendente. Para este viernes est\u00e1 prevista una nueva indagatoria pedida por el juez Leandro R\u00edos.<\/p>\n<p>&nbsp;<\/p>\n<p>Por \u00faltimo, Varisco asever\u00f3 que continuar\u00e1 \u201ctrabajando como todos los d\u00edas, como corresponde, por los paranaenses\u201d.<\/p>\n<p>&nbsp;<\/p>\n<p>&nbsp;<\/p>\n<p><strong>Sin dudas<\/strong><\/p>\n<p>\u201cNo tengo ninguna duda de la inocencia de Sergio. Me le\u00ed todo. Descubrimos cosas muy interesantes y formamos un equipo de abogados que tratamos que se arroje luz sobre el asunto, que se llegue a la verdad. Con la verdad se va a acreditar cabalmente la inocencia del intendente\u201d, manifest\u00f3 el abogado C\u00faneo Libarona al ingreso del Juzgado Federal de Paran\u00e1.<\/p>\n<p>&nbsp;<\/p>\n<p>Poco antes de las 10, en la vereda de calle 25 de Mayo, C\u00faneo Libarona asegur\u00f3 que \u201cla imputaci\u00f3n es media confusa\u201d. \u201cUtiliza distintos verbos. Los verbos describen acciones t\u00edpicas y los verbos que utilizaron en la imputaci\u00f3n pasan desde financiamiento de droga, no de campa\u00f1a pol\u00edtica, a la compra y adquisici\u00f3n. Son distintos verbos, o financias o adquir\u00eds, no pod\u00e9s estar haciendo las dos cosas al mismo tiempo\u201d, se\u00f1al\u00f3 y adelant\u00f3: \u201cHoy Sergio aportar\u00e1 un c\u00famulo de pruebas y despu\u00e9s nosotros vamos a pedir m\u00e1s pruebas que lo van a conducir a la inocencia\u201d.<\/p>\n<p>&nbsp;<\/p>\n<p>Sobre las detenciones del concejal Pablo Hern\u00e1ndez y la ex secretaria de Seguridad Griselda Bordeira, el abogado dijo que \u201cest\u00e1n mal detenidos y creo que ahora lo va a aclarar en forma terminante Sergio\u201d. \u201cHay cosas del proceso que no me terminan de cerrar. Personas con arraigo del proceso que est\u00e1n detenidas, personas que no representan riesgos procesales de ninguna naturaleza. Quiero que esto termine y creo que hoy va a ser categ\u00f3rica la declaraci\u00f3n. Lo veo muy tranquilo y creo que va a contribuir mucho con el esclarecimiento del hecho\u201d, acot\u00f3.<\/p>\n<p>&nbsp;<\/p>\n<p>\u201cNo hay secuestro de droga, no hay secuestro de plata, no hay escuchas telef\u00f3nicas que lo involucren a \u00e9l, no hay ning\u00fan tipo de filmaci\u00f3n, no hay ninguna prueba est\u00e1ndar de las causas de narcotr\u00e1fico que lo involucren al intendente. Creo que por un papelucho que no es ning\u00fan documento ni p\u00fablico ni privado, donde escribieron deliberadamente su nombre y de otros dos funcionarios, por distintos motivos que ya se ver\u00e1n. Es una causa confusa\u201d, cerr\u00f3.<\/p>\n<p>&nbsp;<\/p>\n<p>C\u00faneo Libarona es un experimentado abogado de Capital Federal. Ha sido defensor de represores, del ex presidente Carlos Menem y varios ex funcionarios menemistas. Tuvo intervenci\u00f3n en causas como el atentado a la Asociaci\u00f3n Mutual Israelita Argentina (AMIA), en el marco de la cual defendi\u00f3 al comisario Juan Jos\u00e9 Ribelli y estuvo preso dos meses por amenazar con un video al juez federal Juan Jos\u00e9 Galeano. En el \u00faltimo tiempo intervino como defensor de V\u00edctor Stinfale, en la causa por las muertes de cinco j\u00f3venes en la fiesta Time Warp; y defiende al futbolista del Racing, Ricardo Centuri\u00f3n, denunciado por violencia de g\u00e9nero.<\/p>\n<p>&nbsp;<\/p>\n<p>&nbsp;<\/p>\n<p><strong>Imputaci\u00f3n y acompa\u00f1amientos <\/strong><\/p>\n<p>Varisco est\u00e1 imputado por sus presuntas vinculaciones con la banda narcocriminal que encabeza Daniel Tavi Celis. Seg\u00fan la investigaci\u00f3n, Varisco habr\u00eda financiado actividades de narcotr\u00e1fico, es decir, que aportaba dinero para que la organizaci\u00f3n liderada por Tavi Celis se aprovisionara de coca\u00edna que luego vend\u00eda en distintos barrios de Paran\u00e1 y Concordia. Adem\u00e1s, la acusaci\u00f3n sostiene que el intendente, el concejal Pablo Hern\u00e1ndez y la polic\u00eda y funcionaria municipal Griselda Bordeira adquirieron al menos seis ladrillos de coca\u00edna por la que pagaron entre 150.000 y 165.000 pesos por cada uno, para su comercializaci\u00f3n.<\/p>\n<p>&nbsp;<\/p>\n<p>Seg\u00fan el pedido de sus abogados, Varisco pretende ampliar su declaraci\u00f3n, hacer aclaraciones respecto de algunas personas que aparecen mencionadas en el expediente y realizar aportes que considera esenciales para el devenir de la investigaci\u00f3n. En su primera declaraci\u00f3n indagatoria, neg\u00f3 los hechos que se le acusan. \u201cYo no he comercializado nunca droga, nunca adquir\u00ed ni un gramo de coca\u00edna ni un kilo, m\u00e1s aun, no tengo ninguna adicci\u00f3n; no financi\u00e9 ni tuve contacto con ninguna de las personas que se mencionan. No he hablado nada con ellos, no he financiado nada con ellos\u201d, le dijo al magistrado.<\/p>\n<p>&nbsp;<\/p>\n<p>Como en la instancia anterior, a Varisco lo acompa\u00f1\u00f3 el abogado de la Municipalidad, Walter Rolandelli; su pareja Claudia Acevedo y su hija, Luc\u00eda Varisco. Adem\u00e1s, al lugar se acercaron algunos obreros que en la instancia anterior de indagatorias se pusieron agresivos con los trabajadores de prensa.<\/p>\n","protected":false},"excerpt":{"rendered":"<p>El intendente de Paran\u00e1 Sergio Varisco, ofreci\u00f3 documentaci\u00f3n y testimoniales este jueves, en la ampliaci\u00f3n de su indagatoria frente al juez federal Leandro R\u00edos. El jefe comunal tambi\u00e9n sum\u00f3 entre sus abogados defensores a Mariano C\u00faneo Libarona, quien al llegar a tribunales sostuvo que Varisco es inocente y calific\u00f3 de \u201cconfusa\u201d a la imputaci\u00f3n &nbsp; &nbsp; &nbsp; El intendente se\u00f1al\u00f3: \u201cVine a disipar todas las dudas que pod\u00eda haber respecto de esta causa. Aport\u00e9 pruebas y ped\u00ed nuevas pruebas. Incluso que vengan otros organismos gubernamentales y se sumen a la&#8230;<\/p>\n","protected":false},"author":3,"featured_media":28592,"comment_status":"closed","ping_status":"closed","sticky":false,"template":"","format":"standard","meta":[],"categories":[15],"tags":[],"_links":{"self":[{"href":"https:\/\/www.actualidadadiario.com\/index.php\/wp-json\/wp\/v2\/posts\/28591"}],"collection":[{"href":"https:\/\/www.actualidadadiario.com\/index.php\/wp-json\/wp\/v2\/posts"}],"about":[{"href":"https:\/\/www.actualidadadiario.com\/index.php\/wp-json\/wp\/v2\/types\/post"}],"author":[{"embeddable":true,"href":"https:\/\/www.actualidadadiario.com\/index.php\/wp-json\/wp\/v2\/users\/3"}],"replies":[{"embeddable":true,"href":"https:\/\/www.actualidadadiario.com\/index.php\/wp-json\/wp\/v2\/comments?post=28591"}],"version-history":[{"count":1,"href":"https:\/\/www.actualidadadiario.com\/index.php\/wp-json\/wp\/v2\/posts\/28591\/revisions"}],"predecessor-version":[{"id":28593,"href":"https:\/\/www.actualidadadiario.com\/index.php\/wp-json\/wp\/v2\/posts\/28591\/revisions\/28593"}],"wp:featuredmedia":[{"embeddable":true,"href":"https:\/\/www.actualidadadiario.com\/index.php\/wp-json\/wp\/v2\/media\/28592"}],"wp:attachment":[{"href":"https:\/\/www.actualidadadiario.com\/index.php\/wp-json\/wp\/v2\/media?parent=28591"}],"wp:term":[{"taxonomy":"category","embeddable":true,"href":"https:\/\/www.actualidadadiario.com\/index.php\/wp-json\/wp\/v2\/categories?post=28591"},{"taxonomy":"post_tag","embeddable":true,"href":"https:\/\/www.actualidadadiario.com\/index.php\/wp-json\/wp\/v2\/tags?post=28591"}],"curies":[{"name":"wp","href":"https:\/\/api.w.org\/{rel}","templated":true}]}}