{"id":28577,"date":"2018-06-13T10:38:48","date_gmt":"2018-06-13T13:38:48","guid":{"rendered":"https:\/\/www.actualidadadiario.com\/?p=28577"},"modified":"2018-11-06T19:43:55","modified_gmt":"2018-11-06T22:43:55","slug":"asi-seria-la-cara-de-dios-segun-nuevo-estudio-en-eeuu","status":"publish","type":"post","link":"https:\/\/www.actualidadadiario.com\/index.php\/2018\/06\/13\/asi-seria-la-cara-de-dios-segun-nuevo-estudio-en-eeuu\/","title":{"rendered":"As\u00ed ser\u00eda &#8220;la cara de Dios&#8221;, seg\u00fan nuevo estudio en EEUU"},"content":{"rendered":"<p><em><strong>Las impresiones de la cultura popular sobre la imagen de Dios entre los cristianos pueden variar. Cada uno de los creyentes tiene en su mente la imagen de lo que podr\u00eda ser el rostro de la m\u00e1xima deidad del grupo religioso. Anciano, de tez blanca y con barba larga y tupida, es una de las m\u00e1s comunes. Sin embargo, un estudio reciente abri\u00f3 el juego a una nueva faceta de lo que podr\u00eda ser &#8220;la cara de Dios&#8221;<\/strong><\/em><\/p>\n<p>&nbsp;<\/p>\n<p>&nbsp;<\/p>\n<p>&nbsp;<\/p>\n<p>&nbsp;<\/p>\n<p>Un equipo de psic\u00f3logos de la Universidad de Carolina del Norte convoc\u00f3 a 511 cristianos a que dieran su parecer sobre c\u00f3mo idealizaban el rostro de Dios y eligieran entre distintas im\u00e1genes la m\u00e1s coincidente con su percepci\u00f3n. Luego, los especialistas tomaron las fotograf\u00edas y de ellas sacaron las caracter\u00edsticas que m\u00e1s veces se repet\u00edan y a partir de ello construyeron rasgos comunes para finalmente derivar en el rostro de Dios.<\/p>\n<p>&nbsp;<\/p>\n<p>Lo curioso es que, contrario a la imagen con la que se lo suele representar, en este estudio no fue un anciano el que termin\u00f3 reflej\u00e1ndose en el com\u00fan de los creyentes. En este caso, se trata de un hombre joven, de rasgos suaves, cabello negro y piel menos cauc\u00e1sica que el ideario anterior.<\/p>\n<p>&nbsp;<\/p>\n<p>Un dato no menor, es que hombres y mujeres no dudaron en se\u00f1alar que la figura de la deidad es m\u00e1s representada por una imagen masculina que femenina. El cristianismo se trata de una religi\u00f3n monote\u00edsta que no incluye a lo femenino como una deidad, algo que ocurre en otras culturas como el Hinduismo o en el Antiguo Egipto.<\/p>\n","protected":false},"excerpt":{"rendered":"<p>Las impresiones de la cultura popular sobre la imagen de Dios entre los cristianos pueden variar. Cada uno de los creyentes tiene en su mente la imagen de lo que podr\u00eda ser el rostro de la m\u00e1xima deidad del grupo religioso. Anciano, de tez blanca y con barba larga y tupida, es una de las m\u00e1s comunes. Sin embargo, un estudio reciente abri\u00f3 el juego a una nueva faceta de lo que podr\u00eda ser &#8220;la cara de Dios&#8221; &nbsp; &nbsp; &nbsp; &nbsp; Un equipo de psic\u00f3logos de la Universidad de&#8230;<\/p>\n","protected":false},"author":3,"featured_media":28578,"comment_status":"closed","ping_status":"closed","sticky":false,"template":"","format":"standard","meta":[],"categories":[4],"tags":[],"_links":{"self":[{"href":"https:\/\/www.actualidadadiario.com\/index.php\/wp-json\/wp\/v2\/posts\/28577"}],"collection":[{"href":"https:\/\/www.actualidadadiario.com\/index.php\/wp-json\/wp\/v2\/posts"}],"about":[{"href":"https:\/\/www.actualidadadiario.com\/index.php\/wp-json\/wp\/v2\/types\/post"}],"author":[{"embeddable":true,"href":"https:\/\/www.actualidadadiario.com\/index.php\/wp-json\/wp\/v2\/users\/3"}],"replies":[{"embeddable":true,"href":"https:\/\/www.actualidadadiario.com\/index.php\/wp-json\/wp\/v2\/comments?post=28577"}],"version-history":[{"count":1,"href":"https:\/\/www.actualidadadiario.com\/index.php\/wp-json\/wp\/v2\/posts\/28577\/revisions"}],"predecessor-version":[{"id":28579,"href":"https:\/\/www.actualidadadiario.com\/index.php\/wp-json\/wp\/v2\/posts\/28577\/revisions\/28579"}],"wp:featuredmedia":[{"embeddable":true,"href":"https:\/\/www.actualidadadiario.com\/index.php\/wp-json\/wp\/v2\/media\/28578"}],"wp:attachment":[{"href":"https:\/\/www.actualidadadiario.com\/index.php\/wp-json\/wp\/v2\/media?parent=28577"}],"wp:term":[{"taxonomy":"category","embeddable":true,"href":"https:\/\/www.actualidadadiario.com\/index.php\/wp-json\/wp\/v2\/categories?post=28577"},{"taxonomy":"post_tag","embeddable":true,"href":"https:\/\/www.actualidadadiario.com\/index.php\/wp-json\/wp\/v2\/tags?post=28577"}],"curies":[{"name":"wp","href":"https:\/\/api.w.org\/{rel}","templated":true}]}}