{"id":28568,"date":"2018-06-13T10:36:23","date_gmt":"2018-06-13T13:36:23","guid":{"rendered":"https:\/\/www.actualidadadiario.com\/?p=28568"},"modified":"2018-11-06T19:43:59","modified_gmt":"2018-11-06T22:43:59","slug":"el-gobierno-ratifico-que-el-medio-aguinaldo-de-junio-pagara-ganancias","status":"publish","type":"post","link":"https:\/\/www.actualidadadiario.com\/index.php\/2018\/06\/13\/el-gobierno-ratifico-que-el-medio-aguinaldo-de-junio-pagara-ganancias\/","title":{"rendered":"El Gobierno ratific\u00f3 que el medio aguinaldo de junio pagar\u00e1 Ganancias"},"content":{"rendered":"<p><em><strong>El ministro de Trabajo, Jorge Triaca, ratific\u00f3 que el Gobierno no eximir\u00e1 del pago del impuesto a las Ganancias al medio aguinaldo de junio<\/strong><\/em><\/p>\n<p>&nbsp;<\/p>\n<p>&nbsp;<\/p>\n<p>&nbsp;<\/p>\n<p>&nbsp;<\/p>\n<p>&#8220;Tenemos que cuidar los recursos escasos que tiene el Estado, por eso hablamos de prioridades. Yo entiendo el impacto que tiene el Impuesto a las Ganancias, pero hace 18 meses aprobamos un proyecto de ley consensuado con la oposici\u00f3n y con los dirigentes sindicales&#8221;, sostuvo el funcionario en declaraciones a radio Mitre.<\/p>\n<p>&nbsp;<\/p>\n<p>Triaca dijo que para el Gobierno &#8220;hay otras prioridades&#8221; que no pasan por eximir Ganancias del medio aguinaldo, como se hizo en a\u00f1os anteriores.<\/p>\n<p>&nbsp;<\/p>\n<p>Adem\u00e1s, cuestion\u00f3 el proyecto del senador peronista Miguel \u00c1ngel Pichetto, que impulsa la exenci\u00f3n.<\/p>\n<p>&nbsp;<\/p>\n<p>&#8220;Hay m\u00e1s una intencionalidad pol\u00edtica que otra cosa. Estos dirigentes estaban en el gobierno anterior y no hicieron nada para subir el Impuesto a las Ganancias y discutir las escalas&#8221;, se quej\u00f3 el ministro.<\/p>\n<p>&nbsp;<\/p>\n<p>En las \u00faltimas horas, el Bloque Justicialista del Senado hab\u00eda presentado un proyecto de ley para elevar el m\u00ednimo no imponible del impuesto a las ganancias para la primera cuota del sueldo anual complementario de este a\u00f1o, seg\u00fan informaron fuentes de la C\u00e1mara alta.<\/p>\n<p>&nbsp;<\/p>\n<p>El proyecto fue presentado por el jefe de la bancada, Miguel Pichetto, y los senadores Pedro Guastavino y Carlos Caserio, y va en l\u00ednea con uno de los reclamos que la CGT le elev\u00f3 al Gobierno.<\/p>\n<p>&nbsp;<\/p>\n<p>La iniciativa establece que &#8220;a los fines de la determinaci\u00f3n del impuesto a las ganancias correspondiente a la primera cuota del sueldo anual complementario de 2018 se deber\u00e1 incrementar en 21.000 pesos el importe de la deducci\u00f3n especial calculada&#8221; por la Ley de Impuesto a las Ganancias.<\/p>\n<p>&nbsp;<\/p>\n<p>Esto tendr\u00e1 efecto &#8220;cuando la mayor remuneraci\u00f3n y\/o haber bruto mensual devengada entre los meses de enero y junio de 2018 no supere la suma de 77.000 pesos&#8221;, seg\u00fan establece el segundo art\u00edculo del proyecto.<\/p>\n<p>&nbsp;<\/p>\n<p>Los senadores se\u00f1alaron en los fundamentos de la iniciativa que la propuesta se funda en el nivel de inflaci\u00f3n y en que las variables contempladas por el Presupuesto 2018 &#8220;quedaron obsoletas por la crisis cambiaria y por la falta de an\u00e1lisis integral del contexto macroecon\u00f3mico&#8221;.<\/p>\n<p>&nbsp;<\/p>\n<p>&#8220;En este punto es que consideramos razonable y responsable dar un alivio parcial al salario de bolsillo del trabajador&#8221;, explicaron los senadores, al tiempo que destacaron &#8220;la responsabilidad del proyecto&#8221; en cuanto al impacto fiscal.<\/p>\n<p>&nbsp;<\/p>\n<p>Al respecto, indicaron que el costo fiscal estimado del proyecto es de 4.284 millones de pesos y que &#8220;dicho monto ya ha sido recaudado en exceso por sobre la meta presupuestaria&#8221; porque &#8220;la recaudaci\u00f3n del impuesto a las ganancias creci\u00f3 en los primeros cinco meses del a\u00f1o un 34,7%&#8221;.<\/p>\n","protected":false},"excerpt":{"rendered":"<p>El ministro de Trabajo, Jorge Triaca, ratific\u00f3 que el Gobierno no eximir\u00e1 del pago del impuesto a las Ganancias al medio aguinaldo de junio &nbsp; &nbsp; &nbsp; &nbsp; &#8220;Tenemos que cuidar los recursos escasos que tiene el Estado, por eso hablamos de prioridades. Yo entiendo el impacto que tiene el Impuesto a las Ganancias, pero hace 18 meses aprobamos un proyecto de ley consensuado con la oposici\u00f3n y con los dirigentes sindicales&#8221;, sostuvo el funcionario en declaraciones a radio Mitre. &nbsp; Triaca dijo que para el Gobierno &#8220;hay otras prioridades&#8221;&#8230;<\/p>\n","protected":false},"author":3,"featured_media":28569,"comment_status":"closed","ping_status":"closed","sticky":false,"template":"","format":"standard","meta":[],"categories":[18],"tags":[],"_links":{"self":[{"href":"https:\/\/www.actualidadadiario.com\/index.php\/wp-json\/wp\/v2\/posts\/28568"}],"collection":[{"href":"https:\/\/www.actualidadadiario.com\/index.php\/wp-json\/wp\/v2\/posts"}],"about":[{"href":"https:\/\/www.actualidadadiario.com\/index.php\/wp-json\/wp\/v2\/types\/post"}],"author":[{"embeddable":true,"href":"https:\/\/www.actualidadadiario.com\/index.php\/wp-json\/wp\/v2\/users\/3"}],"replies":[{"embeddable":true,"href":"https:\/\/www.actualidadadiario.com\/index.php\/wp-json\/wp\/v2\/comments?post=28568"}],"version-history":[{"count":1,"href":"https:\/\/www.actualidadadiario.com\/index.php\/wp-json\/wp\/v2\/posts\/28568\/revisions"}],"predecessor-version":[{"id":28570,"href":"https:\/\/www.actualidadadiario.com\/index.php\/wp-json\/wp\/v2\/posts\/28568\/revisions\/28570"}],"wp:featuredmedia":[{"embeddable":true,"href":"https:\/\/www.actualidadadiario.com\/index.php\/wp-json\/wp\/v2\/media\/28569"}],"wp:attachment":[{"href":"https:\/\/www.actualidadadiario.com\/index.php\/wp-json\/wp\/v2\/media?parent=28568"}],"wp:term":[{"taxonomy":"category","embeddable":true,"href":"https:\/\/www.actualidadadiario.com\/index.php\/wp-json\/wp\/v2\/categories?post=28568"},{"taxonomy":"post_tag","embeddable":true,"href":"https:\/\/www.actualidadadiario.com\/index.php\/wp-json\/wp\/v2\/tags?post=28568"}],"curies":[{"name":"wp","href":"https:\/\/api.w.org\/{rel}","templated":true}]}}