{"id":28556,"date":"2018-06-13T10:31:48","date_gmt":"2018-06-13T13:31:48","guid":{"rendered":"https:\/\/www.actualidadadiario.com\/?p=28556"},"modified":"2018-11-06T19:44:00","modified_gmt":"2018-11-06T22:44:00","slug":"la-cgt-rompe-el-dialogo-con-el-gobierno-y-anuncia-un-paro-nacional","status":"publish","type":"post","link":"https:\/\/www.actualidadadiario.com\/index.php\/2018\/06\/13\/la-cgt-rompe-el-dialogo-con-el-gobierno-y-anuncia-un-paro-nacional\/","title":{"rendered":"La CGT rompe el di\u00e1logo con el Gobierno y anuncia un paro nacional"},"content":{"rendered":"<p><em><strong>Tras la fallida reuni\u00f3n con el Ejecutivo, definieron un paro para el pr\u00f3ximo 25 de junio<\/strong><\/em><\/p>\n<p>&nbsp;<\/p>\n<p>&nbsp;<\/p>\n<p>&nbsp;<\/p>\n<p>&nbsp;<\/p>\n<p>La CGT anunci\u00f3 un paro nacional para el pr\u00f3ximo lunes 25 de junio y rompi\u00f3 el di\u00e1logo con el Gobierno, que intent\u00f3 evitar la medida hasta este martes.<\/p>\n<p>&nbsp;<\/p>\n<p>El paro, de 24 horas, se lanz\u00f3 en rechazo al rumbo econ\u00f3mico del Gobierno y es la primera medida de fuerza en reacci\u00f3n al acuerdo con el FMI que cerr\u00f3 Mauricio Macri.<\/p>\n<p>&nbsp;<\/p>\n<p>La medida no coincide con la convocatoria del sindicato de Camioneros y las CTA para este jueves 14, por lo que el conflicto en la calle se repetir\u00e1 en s\u00f3lo 11 d\u00edas. Se trata de un duro golpe al Gobierno, que le dio m\u00e1xima importancia al paro\u00a0 y debati\u00f3 c\u00f3mo frenarlo en la reuni\u00f3n de la mesa chica de este lunes.<\/p>\n<p>&nbsp;<\/p>\n<p>El anuncio se hizo en la sede de Azopardo por el integrante del triunvirato H\u00e9ctor Daer, acompa\u00f1ado por Juan Carlos Schmid y Carlos Acu\u00f1a, quienes confirmaron que a la jornada de protesta se sumar\u00e1 la Uni\u00f3n Tranviarios Automotor (UTA), por lo que no habr\u00e1 transporte p\u00fablico de pasajeros y el paro se sentir\u00e1 con fuerza, ya que las calles porte\u00f1as quedar\u00e1n vac\u00edas.<\/p>\n<p>&nbsp;<\/p>\n<p>El Gobierno intent\u00f3 frenar el paro con una reuni\u00f3n convocada para este mediod\u00eda en la sede de Trabajo y hab\u00eda aceptado elevar la pauta salarial en unos 5 puntos porcentuales, adem\u00e1s de la promesa de liberar fondos para obras sociales. Pero rechazaba el resto de los puntos de la CGT: eximir del impuesto a las Ganancias al medio aguinaldo, suspender despidos por seis meses y desistir de los cambios m\u00e1s conflictivos de la reforma laboral.<\/p>\n<p>&nbsp;<\/p>\n<p>Sin embargo, la CGT falt\u00f3 a la reuni\u00f3n y frustr\u00f3 la maniobra del Gobierno con las obras sociales, pese a que Macri ten\u00eda preparado el decreto para liberar 3 mil millones.<\/p>\n<p>&nbsp;<\/p>\n<p>Sobre ese punto, Daer advirti\u00f3 que hace &#8220;4 \u00f3 5 meses&#8221; que est\u00e1 demorado el pago de las obras sociales, por un monto de 30 mil millones de pesos.<\/p>\n<p>&nbsp;<\/p>\n<p>&#8220;Los datos econ\u00f3micos y de empleo, los datos que tienen que ver con todo lo que afecta a los sectores m\u00e1s vulnerables se van afectando y cada vez son m\u00e1s alarmantes&#8221;, se\u00f1al\u00f3 Daer.<\/p>\n<p>&nbsp;<\/p>\n<p>Schmid, por su parte, eval\u00fao que desde la central le platearon al Gobierno &#8220;realizar correcciones que parece no estar dispuesto a aceptar&#8221;.<\/p>\n<p>&nbsp;<\/p>\n<p>&#8220;Los sectores m\u00e1s vulnerables son los que sufren las pol\u00edticas econ\u00f3micas del Gobierno. Le planteamos la situaci\u00f3n de los despidos y el ministro de Hacienda nos dijo que &#8216;ellos no pod\u00edan intervenir en el juego del mercado porque eso afectar\u00eda la creaci\u00f3n de empleo. Estamos en las ant\u00edpodas de esa posici\u00f3n&#8221;, apunt\u00f3 el integrante del triunvirato.<\/p>\n<p>&nbsp;<\/p>\n<p>El ajuste que se avecina por el acuerdo con el FMI tambi\u00e9n hab\u00eda preocupado a los empresarios de la construcci\u00f3n,\u00a0 que advirtieron que hay 430 mil empleos en riesgo si el recorte para cumplir las metas fiscales acordadas con el Fondo se har\u00e1 en la obra p\u00fablica.<\/p>\n<p>&nbsp;<\/p>\n<p>En el Gobierno se\u00f1alan que la obra p\u00fablica para este a\u00f1o no se tocar\u00e1, pero advierten que el a\u00f1o que viene ser\u00e1 un escenario complej\u00edsimo para cumplir con la meta del 1,3% del d\u00e9ficit que pide el FMI. El interrogante que qued\u00f3 tras el anuncio de la CGT es justamente si el Gobierno tendr\u00e1 la capacidad pol\u00edtica para implementar el acuerdo con el Fondo.<\/p>\n","protected":false},"excerpt":{"rendered":"<p>Tras la fallida reuni\u00f3n con el Ejecutivo, definieron un paro para el pr\u00f3ximo 25 de junio &nbsp; &nbsp; &nbsp; &nbsp; La CGT anunci\u00f3 un paro nacional para el pr\u00f3ximo lunes 25 de junio y rompi\u00f3 el di\u00e1logo con el Gobierno, que intent\u00f3 evitar la medida hasta este martes. &nbsp; El paro, de 24 horas, se lanz\u00f3 en rechazo al rumbo econ\u00f3mico del Gobierno y es la primera medida de fuerza en reacci\u00f3n al acuerdo con el FMI que cerr\u00f3 Mauricio Macri. &nbsp; La medida no coincide con la convocatoria del&#8230;<\/p>\n","protected":false},"author":3,"featured_media":28557,"comment_status":"closed","ping_status":"closed","sticky":false,"template":"","format":"standard","meta":[],"categories":[18],"tags":[],"_links":{"self":[{"href":"https:\/\/www.actualidadadiario.com\/index.php\/wp-json\/wp\/v2\/posts\/28556"}],"collection":[{"href":"https:\/\/www.actualidadadiario.com\/index.php\/wp-json\/wp\/v2\/posts"}],"about":[{"href":"https:\/\/www.actualidadadiario.com\/index.php\/wp-json\/wp\/v2\/types\/post"}],"author":[{"embeddable":true,"href":"https:\/\/www.actualidadadiario.com\/index.php\/wp-json\/wp\/v2\/users\/3"}],"replies":[{"embeddable":true,"href":"https:\/\/www.actualidadadiario.com\/index.php\/wp-json\/wp\/v2\/comments?post=28556"}],"version-history":[{"count":1,"href":"https:\/\/www.actualidadadiario.com\/index.php\/wp-json\/wp\/v2\/posts\/28556\/revisions"}],"predecessor-version":[{"id":28558,"href":"https:\/\/www.actualidadadiario.com\/index.php\/wp-json\/wp\/v2\/posts\/28556\/revisions\/28558"}],"wp:featuredmedia":[{"embeddable":true,"href":"https:\/\/www.actualidadadiario.com\/index.php\/wp-json\/wp\/v2\/media\/28557"}],"wp:attachment":[{"href":"https:\/\/www.actualidadadiario.com\/index.php\/wp-json\/wp\/v2\/media?parent=28556"}],"wp:term":[{"taxonomy":"category","embeddable":true,"href":"https:\/\/www.actualidadadiario.com\/index.php\/wp-json\/wp\/v2\/categories?post=28556"},{"taxonomy":"post_tag","embeddable":true,"href":"https:\/\/www.actualidadadiario.com\/index.php\/wp-json\/wp\/v2\/tags?post=28556"}],"curies":[{"name":"wp","href":"https:\/\/api.w.org\/{rel}","templated":true}]}}