{"id":2854,"date":"2016-10-18T10:07:15","date_gmt":"2016-10-18T13:07:15","guid":{"rendered":"http:\/\/actualidadadiario.com\/site\/?p=2854"},"modified":"2016-10-18T10:07:15","modified_gmt":"2016-10-18T13:07:15","slug":"usaran-tecnopolis-para-otro-evento-privado","status":"publish","type":"post","link":"https:\/\/www.actualidadadiario.com\/index.php\/2016\/10\/18\/usaran-tecnopolis-para-otro-evento-privado\/","title":{"rendered":"Usar\u00e1n Tecn\u00f3polis para otro evento privado"},"content":{"rendered":"<p><em><strong>La feria de ciencia y tecnolog\u00eda en la localidad bonaerense de Villa Martelli ser\u00e1 el centro de un encuentro organizado, \u00e9sta vez, por la firma chilena Easy en noviembre pr\u00f3ximo<\/strong><\/em><\/p>\n<p>&nbsp;<\/p>\n<p>&nbsp;<\/p>\n<p>&nbsp;<\/p>\n<p>La firma chilena Easy usar\u00e1 el predio de Tecn\u00f3polis para un evento y s\u00f3lo podr\u00e1n acceder las personas que est\u00e9n pre acreditadas, public\u00f3 el sitio Pol\u00edtica Argentina.<\/p>\n<p>&nbsp;<\/p>\n<p>El evento en la feria de Villa Martelli se realizar\u00e1 el pr\u00f3ximo 5 noviembre. Los interesados, seg\u00fan el portal, deben contar con una invitaci\u00f3n especial o acreditaci\u00f3n previa autorizada por Easy.<\/p>\n<p>&nbsp;<\/p>\n<p>&nbsp;<\/p>\n<p>No es la primera vez que la gesti\u00f3n de Cambiemos usa el predio de ciencia y tecnolog\u00eda para eventos privados, culturales, religiosos y privados. En junio se conoci\u00f3 que el Gobierno prestar\u00eda el lugar para un evento de Heineken.<\/p>\n","protected":false},"excerpt":{"rendered":"<p>La feria de ciencia y tecnolog\u00eda en la localidad bonaerense de Villa Martelli ser\u00e1 el centro de un encuentro organizado, \u00e9sta vez, por la firma chilena Easy en noviembre pr\u00f3ximo &nbsp; &nbsp; &nbsp; La firma chilena Easy usar\u00e1 el predio de Tecn\u00f3polis para un evento y s\u00f3lo podr\u00e1n acceder las personas que est\u00e9n pre acreditadas, public\u00f3 el sitio Pol\u00edtica Argentina. &nbsp; El evento en la feria de Villa Martelli se realizar\u00e1 el pr\u00f3ximo 5 noviembre. Los interesados, seg\u00fan el portal, deben contar con una invitaci\u00f3n especial o acreditaci\u00f3n previa autorizada&#8230;<\/p>\n","protected":false},"author":3,"featured_media":2855,"comment_status":"closed","ping_status":"closed","sticky":false,"template":"","format":"standard","meta":[],"categories":[18],"tags":[],"_links":{"self":[{"href":"https:\/\/www.actualidadadiario.com\/index.php\/wp-json\/wp\/v2\/posts\/2854"}],"collection":[{"href":"https:\/\/www.actualidadadiario.com\/index.php\/wp-json\/wp\/v2\/posts"}],"about":[{"href":"https:\/\/www.actualidadadiario.com\/index.php\/wp-json\/wp\/v2\/types\/post"}],"author":[{"embeddable":true,"href":"https:\/\/www.actualidadadiario.com\/index.php\/wp-json\/wp\/v2\/users\/3"}],"replies":[{"embeddable":true,"href":"https:\/\/www.actualidadadiario.com\/index.php\/wp-json\/wp\/v2\/comments?post=2854"}],"version-history":[{"count":1,"href":"https:\/\/www.actualidadadiario.com\/index.php\/wp-json\/wp\/v2\/posts\/2854\/revisions"}],"predecessor-version":[{"id":2856,"href":"https:\/\/www.actualidadadiario.com\/index.php\/wp-json\/wp\/v2\/posts\/2854\/revisions\/2856"}],"wp:featuredmedia":[{"embeddable":true,"href":"https:\/\/www.actualidadadiario.com\/index.php\/wp-json\/wp\/v2\/media\/2855"}],"wp:attachment":[{"href":"https:\/\/www.actualidadadiario.com\/index.php\/wp-json\/wp\/v2\/media?parent=2854"}],"wp:term":[{"taxonomy":"category","embeddable":true,"href":"https:\/\/www.actualidadadiario.com\/index.php\/wp-json\/wp\/v2\/categories?post=2854"},{"taxonomy":"post_tag","embeddable":true,"href":"https:\/\/www.actualidadadiario.com\/index.php\/wp-json\/wp\/v2\/tags?post=2854"}],"curies":[{"name":"wp","href":"https:\/\/api.w.org\/{rel}","templated":true}]}}