{"id":2851,"date":"2016-10-18T10:03:35","date_gmt":"2016-10-18T13:03:35","guid":{"rendered":"http:\/\/actualidadadiario.com\/site\/?p=2851"},"modified":"2016-10-18T10:03:35","modified_gmt":"2016-10-18T13:03:35","slug":"el-1-de-enero-habra-un-nuevo-aumento-en-las-tarifas-de-luz","status":"publish","type":"post","link":"https:\/\/www.actualidadadiario.com\/index.php\/2016\/10\/18\/el-1-de-enero-habra-un-nuevo-aumento-en-las-tarifas-de-luz\/","title":{"rendered":"El 1 de enero habr\u00e1 un nuevo aumento en las tarifas de luz"},"content":{"rendered":"<p><em><strong>Falta adem\u00e1s otro ajuste en el precio mayorista y en el transporte con alcance nacional<\/strong><\/em><\/p>\n<p>&nbsp;<\/p>\n<p>&nbsp;<\/p>\n<p>&nbsp;<\/p>\n<p>&nbsp;<br \/>\nFaltan 10 d\u00edas para la audiencia p\u00fablica que se realizar\u00e1 el viernes 28 para tratar las nuevas tarifas de Edenor y Edesur que regir\u00e1n desde el 1 de enero o a m\u00e1s tardar el 1 de febrero. Ser\u00eda en esta \u00faltima fecha si el Gobierno decide unificar en una sola ocasi\u00f3n el aumento para las distribuidoras con el que habr\u00e1 en el precio mayorista de la energ\u00eda y el transporte el\u00e9ctrico para todo el pa\u00eds.<\/p>\n<p>&nbsp;<\/p>\n<p>En el sitio del ENRE (Ente Nacional Regulador El\u00e9ctrico) est\u00e1n publicadas las propuestas de Edenor y Edesur que se explicar\u00e1n en la audiencia y reci\u00e9n despu\u00e9s del debate, el Ministerio de Energ\u00eda resolver\u00e1 el incremento a aplicar y el mecanismo de ajuste para el futuro.<\/p>\n<p>&nbsp;<\/p>\n<p>Lo que se va a discutir es la revisi\u00f3n tarifaria que regir\u00e1 en los pr\u00f3ximos cinco a\u00f1os con una estimaci\u00f3n de los ingresos de las dos distribuidoras para cumplir con planes de inversi\u00f3n que seg\u00fan dijo el ministro Juan Jos\u00e9 Aranguren llegar\u00edan a $8.000 millones el pr\u00f3ximo a\u00f1o. Pero durante el per\u00edodo quinquenal habr\u00e1 tambi\u00e9n ajustes trimestrales pr\u00e1cticamente autom\u00e1ticos a partir de una f\u00f3rmula que contempla los \u00edndices de precios minoristas y mayoristas, costo de la construcci\u00f3n, ajustes salariales y evoluci\u00f3n del tipo de cambio.<\/p>\n<p>&nbsp;<\/p>\n<p>En la presentaci\u00f3n, Edesur puso ejemplos de &#8220;consumos t\u00edpicos&#8221;. Indic\u00f3 que para un departamento de 40 metros cuadrados que utiliza 100 kilovatios mensuales , la factura actual sin impuestos es de $70 y que pasar\u00eda a $88 con &#8220;factores de asignaci\u00f3n social&#8221;, lo que implicar\u00eda un aumento del 25%.<\/p>\n<p>&nbsp;<\/p>\n<p>Pero la empresa primero hace una propuesta t\u00e9cnica por la cual la factura de ese mismo tipo de usuario pasar\u00eda a $157, y despu\u00e9s aten\u00faa el cargo fijo y calcula un monto de $133, para finalmente incluir los factores de asignaci\u00f3n social y llegar a los $88.<\/p>\n<p>&nbsp;<\/p>\n<p>En apariencia, la propuesta con menos impacto para los hogares implica alzas m\u00e1s importantes para las otras categor\u00edas de usuarios: as\u00ed, cuando el aumento para residenciales llega al 76,3%, la tarifa para peque\u00f1as demandas generales (T1) como kioscos o consorcios se reduce en un 12,1%. Pero estas demandas de peque\u00f1os comercios tendr\u00eda un ajuste del 37,6% cuando la tarifa de hogares aumenta un 17,9%.<\/p>\n<p>Las propuestas de Edenor y Edesur parecen diferentes aunque en ambos casos se contempla una fuerte recuperaci\u00f3n del margen que corresponde a la distribuci\u00f3n. Edenor propone una unificaci\u00f3n del cargo fijo para todos los hogares en $76 mensuales, considerando pesos de diciembre de 2015, lo que implica un ajuste de m\u00e1s de cinco veces para la categor\u00eda R1 que corresponde al consumo m\u00e1s bajos.<\/p>\n<p>&nbsp;<\/p>\n<p>La empresa busca adem\u00e1s unificar en 3 las 7 categor\u00edas de residenciales que existen ahora seg\u00fan los kilovatios consumidos, y fijar por tramos el valor de la unidad. Por ejemplo si un hogar usa 700 kilovatios, pagar\u00eda un cargo variable de $0,4971 por 650 kilovatios y de $0,7367 por los 50 restantes. Seg\u00fan Edenor, el aumento que est\u00e1 proponiendo es del 25% promedio si se considera a los hogares que tienen acceso a la tarifa social.<\/p>\n","protected":false},"excerpt":{"rendered":"<p>Falta adem\u00e1s otro ajuste en el precio mayorista y en el transporte con alcance nacional &nbsp; &nbsp; &nbsp; &nbsp; Faltan 10 d\u00edas para la audiencia p\u00fablica que se realizar\u00e1 el viernes 28 para tratar las nuevas tarifas de Edenor y Edesur que regir\u00e1n desde el 1 de enero o a m\u00e1s tardar el 1 de febrero. Ser\u00eda en esta \u00faltima fecha si el Gobierno decide unificar en una sola ocasi\u00f3n el aumento para las distribuidoras con el que habr\u00e1 en el precio mayorista de la energ\u00eda y el transporte el\u00e9ctrico&#8230;<\/p>\n","protected":false},"author":3,"featured_media":2852,"comment_status":"closed","ping_status":"closed","sticky":false,"template":"","format":"standard","meta":[],"categories":[2],"tags":[],"_links":{"self":[{"href":"https:\/\/www.actualidadadiario.com\/index.php\/wp-json\/wp\/v2\/posts\/2851"}],"collection":[{"href":"https:\/\/www.actualidadadiario.com\/index.php\/wp-json\/wp\/v2\/posts"}],"about":[{"href":"https:\/\/www.actualidadadiario.com\/index.php\/wp-json\/wp\/v2\/types\/post"}],"author":[{"embeddable":true,"href":"https:\/\/www.actualidadadiario.com\/index.php\/wp-json\/wp\/v2\/users\/3"}],"replies":[{"embeddable":true,"href":"https:\/\/www.actualidadadiario.com\/index.php\/wp-json\/wp\/v2\/comments?post=2851"}],"version-history":[{"count":1,"href":"https:\/\/www.actualidadadiario.com\/index.php\/wp-json\/wp\/v2\/posts\/2851\/revisions"}],"predecessor-version":[{"id":2853,"href":"https:\/\/www.actualidadadiario.com\/index.php\/wp-json\/wp\/v2\/posts\/2851\/revisions\/2853"}],"wp:featuredmedia":[{"embeddable":true,"href":"https:\/\/www.actualidadadiario.com\/index.php\/wp-json\/wp\/v2\/media\/2852"}],"wp:attachment":[{"href":"https:\/\/www.actualidadadiario.com\/index.php\/wp-json\/wp\/v2\/media?parent=2851"}],"wp:term":[{"taxonomy":"category","embeddable":true,"href":"https:\/\/www.actualidadadiario.com\/index.php\/wp-json\/wp\/v2\/categories?post=2851"},{"taxonomy":"post_tag","embeddable":true,"href":"https:\/\/www.actualidadadiario.com\/index.php\/wp-json\/wp\/v2\/tags?post=2851"}],"curies":[{"name":"wp","href":"https:\/\/api.w.org\/{rel}","templated":true}]}}