{"id":2842,"date":"2016-10-18T09:54:43","date_gmt":"2016-10-18T12:54:43","guid":{"rendered":"http:\/\/actualidadadiario.com\/site\/?p=2842"},"modified":"2016-10-18T09:54:43","modified_gmt":"2016-10-18T12:54:43","slug":"cumbre-de-ministros-con-macri-para-analizar-el-bono-de-fin-de-ano","status":"publish","type":"post","link":"https:\/\/www.actualidadadiario.com\/index.php\/2016\/10\/18\/cumbre-de-ministros-con-macri-para-analizar-el-bono-de-fin-de-ano\/","title":{"rendered":"Cumbre de ministros con Macri para analizar el bono de fin de a\u00f1o"},"content":{"rendered":"<p><em><strong>El Presidente encabezar\u00e1 una reuni\u00f3n con la mesa chica del Gabinete nacional en v\u00edsperas al encuentro que el Gobierno mantendr\u00e1 ma\u00f1ana con gremios y empresas por el plus salarial<\/strong><\/em><\/p>\n<p>&nbsp;<\/p>\n<p>&nbsp;<\/p>\n<p>&nbsp;<\/p>\n<p>&nbsp;<\/p>\n<p>El presidente Mauricio Macri encabezar\u00e1 este martes una reuni\u00f3n de coordinaci\u00f3n de la mesa chica del Gabinete nacional en v\u00edsperas del encuentro que el Gobierno mantendr\u00e1 ma\u00f1ana con representantes de gremios y empresas para discutir el otorgamiento de un bono de fin de a\u00f1o para trabajadores p\u00fablicos y privados en el marco de la mesa del Di\u00e1logo por el Trabajo y la Producci\u00f3n convocada por el Ejecutivo.<\/p>\n<p>&nbsp;<\/p>\n<p>La reuni\u00f3n, que tendr\u00e1 lugar a las 11 en su despacho de la Casa Rosada, forma parte de los encuentros previos a la mesa tripartita que tendr\u00e1 lugar ma\u00f1ana para iniciar la negociaci\u00f3n por una compensaci\u00f3n econ\u00f3mica para los trabajadores que la CGT busca que tenga un piso de $2.000.<\/p>\n<p>&nbsp;<\/p>\n<p>Previamente, el jefe de Estado recibir\u00e1 a las 10 en su despacho al titular de &#8220;F\u00fatbol para Todos&#8221;, Fernando Mar\u00edn, y al secretario General de la Presidencia, Fernando De Andreis.<\/p>\n<p>&nbsp;<\/p>\n<p>Adem\u00e1s, a las 10.30, el primer mandatario recibir\u00e1 a Thompson Li Dongsheneg, CEO de TCL Corporation una empresa multinacional china de electr\u00f3nica con sede en Huizhou, Guangdong, una de las mayores productora de electr\u00f3nica de consumo del mundo.<\/p>\n","protected":false},"excerpt":{"rendered":"<p>El Presidente encabezar\u00e1 una reuni\u00f3n con la mesa chica del Gabinete nacional en v\u00edsperas al encuentro que el Gobierno mantendr\u00e1 ma\u00f1ana con gremios y empresas por el plus salarial &nbsp; &nbsp; &nbsp; &nbsp; El presidente Mauricio Macri encabezar\u00e1 este martes una reuni\u00f3n de coordinaci\u00f3n de la mesa chica del Gabinete nacional en v\u00edsperas del encuentro que el Gobierno mantendr\u00e1 ma\u00f1ana con representantes de gremios y empresas para discutir el otorgamiento de un bono de fin de a\u00f1o para trabajadores p\u00fablicos y privados en el marco de la mesa del Di\u00e1logo&#8230;<\/p>\n","protected":false},"author":3,"featured_media":2843,"comment_status":"closed","ping_status":"closed","sticky":false,"template":"","format":"standard","meta":[],"categories":[2],"tags":[],"_links":{"self":[{"href":"https:\/\/www.actualidadadiario.com\/index.php\/wp-json\/wp\/v2\/posts\/2842"}],"collection":[{"href":"https:\/\/www.actualidadadiario.com\/index.php\/wp-json\/wp\/v2\/posts"}],"about":[{"href":"https:\/\/www.actualidadadiario.com\/index.php\/wp-json\/wp\/v2\/types\/post"}],"author":[{"embeddable":true,"href":"https:\/\/www.actualidadadiario.com\/index.php\/wp-json\/wp\/v2\/users\/3"}],"replies":[{"embeddable":true,"href":"https:\/\/www.actualidadadiario.com\/index.php\/wp-json\/wp\/v2\/comments?post=2842"}],"version-history":[{"count":1,"href":"https:\/\/www.actualidadadiario.com\/index.php\/wp-json\/wp\/v2\/posts\/2842\/revisions"}],"predecessor-version":[{"id":2844,"href":"https:\/\/www.actualidadadiario.com\/index.php\/wp-json\/wp\/v2\/posts\/2842\/revisions\/2844"}],"wp:featuredmedia":[{"embeddable":true,"href":"https:\/\/www.actualidadadiario.com\/index.php\/wp-json\/wp\/v2\/media\/2843"}],"wp:attachment":[{"href":"https:\/\/www.actualidadadiario.com\/index.php\/wp-json\/wp\/v2\/media?parent=2842"}],"wp:term":[{"taxonomy":"category","embeddable":true,"href":"https:\/\/www.actualidadadiario.com\/index.php\/wp-json\/wp\/v2\/categories?post=2842"},{"taxonomy":"post_tag","embeddable":true,"href":"https:\/\/www.actualidadadiario.com\/index.php\/wp-json\/wp\/v2\/tags?post=2842"}],"curies":[{"name":"wp","href":"https:\/\/api.w.org\/{rel}","templated":true}]}}