{"id":2836,"date":"2016-10-18T09:49:40","date_gmt":"2016-10-18T12:49:40","guid":{"rendered":"http:\/\/actualidadadiario.com\/site\/?p=2836"},"modified":"2016-10-18T09:49:40","modified_gmt":"2016-10-18T12:49:40","slug":"giano-remarco-que-la-modificacion-de-la-ley-de-la-madera-tiene-al-valor-agregado-como-objetivo-primordial","status":"publish","type":"post","link":"https:\/\/www.actualidadadiario.com\/index.php\/2016\/10\/18\/giano-remarco-que-la-modificacion-de-la-ley-de-la-madera-tiene-al-valor-agregado-como-objetivo-primordial\/","title":{"rendered":"Giano remarc\u00f3 que la modificaci\u00f3n de la Ley de la Madera tiene \u201cal valor agregado como objetivo primordial\u201d"},"content":{"rendered":"<p><em><strong>\u201c Bordet propone un plan integral de desarrollo del sector foresto-industrial en beneficio de la econom\u00eda entrerriana, para promover y sostener dicha actividad en el mediano y largo plazo\u201d, se\u00f1al\u00f3 el senador por el departamento Concordia<\/strong><\/em><\/p>\n<p>&nbsp;<\/p>\n<p>&nbsp;<\/p>\n<p>&nbsp;<\/p>\n<p>&nbsp;<\/p>\n<p>El legislador destac\u00f3 que se han \u201cescuchado a todos sus actores que han apoyado la iniciativa\u201d, sostuvo el senador por el departamento Concordia y presidente de la bancada del Frente Para la Victoria, Angel Giano. Y a\u00f1adi\u00f3 que el mismo, \u201cgarantiza adem\u00e1s, el cumplimiento de las normas de calidad y contralor ambiental a trav\u00e9s de la Secretar\u00eda de Ambiente\u201d.<\/p>\n<p>Giano expres\u00f3 que el proyecto que el gobernador ha enviado al Senado &#8220;establece en primer lugar la necesidad de contar con un plan de desarrollo foresto industrial que ser\u00e1 elaborado en forma conjunta con todos los actores del sector y el Ministerio de la Producci\u00f3n\u201d.<\/p>\n<p>&nbsp;<\/p>\n<p>&nbsp;<\/p>\n<p><strong>Primordial<\/strong><\/p>\n<p>Tambi\u00e9n destac\u00f3 que lo que busca en definitiva es \u201clograr alto valor agregado como objetivo primordial, vinculando a todo el proceso industrial desde la producci\u00f3n de la semilla, la actividad de los viveros, la plantaci\u00f3n, los arriendos de suelo, los planes de forestaci\u00f3n, los mecanismos de comercializaci\u00f3n, entre otros puntos de la cadena de valor, y especialmente fomentar la industria del mueble y la construcci\u00f3n de viviendas de madera y accesorios para viviendas de construcci\u00f3n tradicional&#8221;.<\/p>\n<p>&nbsp;<\/p>\n<p>&#8220;Si bien dispone la derogaci\u00f3n de la ley que impide vender madera al Uruguay, primordialmente establece la incentivaci\u00f3n de la implantaci\u00f3n de materia prima, su procesamiento y transformaci\u00f3n, la generaci\u00f3n de valor agregado y la utilizaci\u00f3n de recursos tecnol\u00f3gicos adecuados para garantizar la sustentabilidad de los emprendimiento\u201d, indic\u00f3 el legislador quien subray\u00f3 que la consigna clara es \u201cgenerar trabajo genuino y estable y una mayor formalidad a una econom\u00eda regional que es clave para la provincia, fundamentalmente para cinco departamentos de la misma&#8221;, afirm\u00f3 el senador al se\u00f1alar que por esta raz\u00f3n es que el proyecto cuenta con el apoyo de los referentes del Sindicato de la Madera.<\/p>\n<p>&nbsp;<\/p>\n<p>&nbsp;<\/p>\n<p>&nbsp;<\/p>\n<p>&nbsp;<\/p>\n<p><strong>Plan consensuado<\/strong><\/p>\n<p>Giano afirm\u00f3 que la voluntad de Bordet es que el Ministerio de la Producci\u00f3n elabore un plan consensuado con todos los representantes de los eslabones de la cadena de valor foresto-industrial para lo cual &#8220;se trabajar\u00e1 con la Asociaci\u00f3n de Forestales Argentina, industriales madereros, INTA, INTI, las universidades, el Centro de Desarrollo Foresto industrial, con Senadores y Diputados&#8221;.<\/p>\n<p>&nbsp;<\/p>\n<p>&#8220;El esp\u00edritu de la ley es mejorar esta econom\u00eda regional, ayudarla en toda su cadena y generar mano de obra entrerriana, fuerte, y que se industrialice en Entre R\u00edos. Y, obviamente, que lo que corresponda se pueda vender al exterior tal cual est\u00e1 ocurriendo hoy pero v\u00eda Corrientes por eso el gobernador envi\u00f3 un proyecto que contempla el cuidado del ambiente, el agregado de valor, y la generaci\u00f3n de mano de obra&#8221;.<\/p>\n","protected":false},"excerpt":{"rendered":"<p>\u201c Bordet propone un plan integral de desarrollo del sector foresto-industrial en beneficio de la econom\u00eda entrerriana, para promover y sostener dicha actividad en el mediano y largo plazo\u201d, se\u00f1al\u00f3 el senador por el departamento Concordia &nbsp; &nbsp; &nbsp; &nbsp; El legislador destac\u00f3 que se han \u201cescuchado a todos sus actores que han apoyado la iniciativa\u201d, sostuvo el senador por el departamento Concordia y presidente de la bancada del Frente Para la Victoria, Angel Giano. Y a\u00f1adi\u00f3 que el mismo, \u201cgarantiza adem\u00e1s, el cumplimiento de las normas de calidad y&#8230;<\/p>\n","protected":false},"author":3,"featured_media":2837,"comment_status":"closed","ping_status":"closed","sticky":false,"template":"","format":"standard","meta":[],"categories":[15],"tags":[],"_links":{"self":[{"href":"https:\/\/www.actualidadadiario.com\/index.php\/wp-json\/wp\/v2\/posts\/2836"}],"collection":[{"href":"https:\/\/www.actualidadadiario.com\/index.php\/wp-json\/wp\/v2\/posts"}],"about":[{"href":"https:\/\/www.actualidadadiario.com\/index.php\/wp-json\/wp\/v2\/types\/post"}],"author":[{"embeddable":true,"href":"https:\/\/www.actualidadadiario.com\/index.php\/wp-json\/wp\/v2\/users\/3"}],"replies":[{"embeddable":true,"href":"https:\/\/www.actualidadadiario.com\/index.php\/wp-json\/wp\/v2\/comments?post=2836"}],"version-history":[{"count":1,"href":"https:\/\/www.actualidadadiario.com\/index.php\/wp-json\/wp\/v2\/posts\/2836\/revisions"}],"predecessor-version":[{"id":2838,"href":"https:\/\/www.actualidadadiario.com\/index.php\/wp-json\/wp\/v2\/posts\/2836\/revisions\/2838"}],"wp:featuredmedia":[{"embeddable":true,"href":"https:\/\/www.actualidadadiario.com\/index.php\/wp-json\/wp\/v2\/media\/2837"}],"wp:attachment":[{"href":"https:\/\/www.actualidadadiario.com\/index.php\/wp-json\/wp\/v2\/media?parent=2836"}],"wp:term":[{"taxonomy":"category","embeddable":true,"href":"https:\/\/www.actualidadadiario.com\/index.php\/wp-json\/wp\/v2\/categories?post=2836"},{"taxonomy":"post_tag","embeddable":true,"href":"https:\/\/www.actualidadadiario.com\/index.php\/wp-json\/wp\/v2\/tags?post=2836"}],"curies":[{"name":"wp","href":"https:\/\/api.w.org\/{rel}","templated":true}]}}