{"id":2827,"date":"2016-10-18T09:47:29","date_gmt":"2016-10-18T12:47:29","guid":{"rendered":"http:\/\/actualidadadiario.com\/site\/?p=2827"},"modified":"2016-10-18T09:47:29","modified_gmt":"2016-10-18T12:47:29","slug":"el-gobierno-envio-ayuda-a-la-paz","status":"publish","type":"post","link":"https:\/\/www.actualidadadiario.com\/index.php\/2016\/10\/18\/el-gobierno-envio-ayuda-a-la-paz\/","title":{"rendered":"El gobierno envi\u00f3 ayuda a La Paz"},"content":{"rendered":"<p><em><strong>El gobierno provincial, a trav\u00e9s del Ministerio de Desarrollo Social, envi\u00f3 este mediod\u00eda la ayuda a los vecinos de la ciudad del norte entrerriano que se vieron afectados por el fuerte temporal. La asistencia parti\u00f3 en un veh\u00edculo de la provincia, luego de que el municipio enviara el relevamiento correspondiente<\/strong><\/em><\/p>\n<p>&nbsp;<\/p>\n<p>&nbsp;<\/p>\n<p>&nbsp;<\/p>\n<p>&nbsp;<\/p>\n<p>&nbsp;<\/p>\n<p>Pasado el mediod\u00eda de este lunes el gobierno provincial envi\u00f3 la ayuda solicitada para atender a las familias que han sufrido destrozos por el temporal que azot\u00f3 la ciudad de La Paz durante el fin de semana. Entre los materiales enviados hay, chapas, tirantes, clavadoras, clavos, pa\u00f1ales, colchones y rollos de nylon.<\/p>\n<p>Tras las comunicaciones mantenidas entre la Secretar\u00eda de Gesti\u00f3n de la cartera social, y las autoridades municipales desde los momentos posteriores a la tormenta, en la tarde de este lunes estar\u00e1 llegando la ayuda requerida. El municipio remiti\u00f3 al mediod\u00eda el relevamiento de los casos y expres\u00f3 su imposibilidad de retirar la ayuda, como hacen otras comunas y municipios ante situaciones similares. Ante este escenario, el gobierno provincial dispuso del transporte para atender r\u00e1pidamente la demanda de las familias pace\u00f1as.<\/p>\n<p>Ante estos fen\u00f3menos clim\u00e1ticos el relevamiento de casos es necesario para no enviar ayuda de menos a los vecinos que padecieron sobre sus casas las fuertes lluvias y vientos, aseguraron desde Desarrollo Social. Al recibir el relevamiento realizado por las autoridades locales, se enviaron los materiales que las familias afectadas necesitan.<\/p>\n<p>&#8220;El contacto directo con los municipios es el modo en que se lleva a cabo con \u00e9xito la asistencia y acompa\u00f1amiento frente a situaciones complejas como lo son los fen\u00f3menos clim\u00e1ticos&#8221;, expresaron desde el Ministerio. &#8220;Este m\u00e9todo de trabajo se viene llevando a cabo desde finales del a\u00f1o pasado cuando comenz\u00f3 en Entre R\u00edos la emergencia clim\u00e1tica debido a las fuertes lluvias y desbordes de los r\u00edos, en el cual el gobierno provincial estuvo presente acompa\u00f1ando cada vecino que lo necesitara&#8221;, aseguran desde la cartera social.<\/p>\n","protected":false},"excerpt":{"rendered":"<p>El gobierno provincial, a trav\u00e9s del Ministerio de Desarrollo Social, envi\u00f3 este mediod\u00eda la ayuda a los vecinos de la ciudad del norte entrerriano que se vieron afectados por el fuerte temporal. La asistencia parti\u00f3 en un veh\u00edculo de la provincia, luego de que el municipio enviara el relevamiento correspondiente &nbsp; &nbsp; &nbsp; &nbsp; &nbsp; Pasado el mediod\u00eda de este lunes el gobierno provincial envi\u00f3 la ayuda solicitada para atender a las familias que han sufrido destrozos por el temporal que azot\u00f3 la ciudad de La Paz durante el fin&#8230;<\/p>\n","protected":false},"author":3,"featured_media":2828,"comment_status":"closed","ping_status":"closed","sticky":false,"template":"","format":"standard","meta":[],"categories":[15],"tags":[],"_links":{"self":[{"href":"https:\/\/www.actualidadadiario.com\/index.php\/wp-json\/wp\/v2\/posts\/2827"}],"collection":[{"href":"https:\/\/www.actualidadadiario.com\/index.php\/wp-json\/wp\/v2\/posts"}],"about":[{"href":"https:\/\/www.actualidadadiario.com\/index.php\/wp-json\/wp\/v2\/types\/post"}],"author":[{"embeddable":true,"href":"https:\/\/www.actualidadadiario.com\/index.php\/wp-json\/wp\/v2\/users\/3"}],"replies":[{"embeddable":true,"href":"https:\/\/www.actualidadadiario.com\/index.php\/wp-json\/wp\/v2\/comments?post=2827"}],"version-history":[{"count":1,"href":"https:\/\/www.actualidadadiario.com\/index.php\/wp-json\/wp\/v2\/posts\/2827\/revisions"}],"predecessor-version":[{"id":2829,"href":"https:\/\/www.actualidadadiario.com\/index.php\/wp-json\/wp\/v2\/posts\/2827\/revisions\/2829"}],"wp:featuredmedia":[{"embeddable":true,"href":"https:\/\/www.actualidadadiario.com\/index.php\/wp-json\/wp\/v2\/media\/2828"}],"wp:attachment":[{"href":"https:\/\/www.actualidadadiario.com\/index.php\/wp-json\/wp\/v2\/media?parent=2827"}],"wp:term":[{"taxonomy":"category","embeddable":true,"href":"https:\/\/www.actualidadadiario.com\/index.php\/wp-json\/wp\/v2\/categories?post=2827"},{"taxonomy":"post_tag","embeddable":true,"href":"https:\/\/www.actualidadadiario.com\/index.php\/wp-json\/wp\/v2\/tags?post=2827"}],"curies":[{"name":"wp","href":"https:\/\/api.w.org\/{rel}","templated":true}]}}