{"id":2824,"date":"2016-10-18T09:46:28","date_gmt":"2016-10-18T12:46:28","guid":{"rendered":"http:\/\/actualidadadiario.com\/site\/?p=2824"},"modified":"2016-10-18T09:46:28","modified_gmt":"2016-10-18T12:46:28","slug":"defiendo-los-intereses-que-defiende-el-gobernador-y-que-son-los-de-todos-los-entrerrianos","status":"publish","type":"post","link":"https:\/\/www.actualidadadiario.com\/index.php\/2016\/10\/18\/defiendo-los-intereses-que-defiende-el-gobernador-y-que-son-los-de-todos-los-entrerrianos\/","title":{"rendered":"\u201cDefiendo los intereses que defiende el gobernador y que son los de todos los entrerrianos\u201d"},"content":{"rendered":"<p><em><strong>El diputado nacional entrerriano Julio Solanas garantiz\u00f3 hoy su acompa\u00f1amiento a las propuestas que los gobernadores peronistas est\u00e1n planteando para incluir en el proyecto de Presupuesto del Gobierno Nacional. Fue luego de un encuentro con el gobernador Gustavo Bordet en la Casa Gris<\/strong><\/em><\/p>\n<p>&nbsp;<\/p>\n<p>&nbsp;<\/p>\n<p>&nbsp;<\/p>\n<p>&nbsp;<\/p>\n<p>&nbsp;<\/p>\n<p>Solanas se defini\u00f3 como \u201cun diputado nacional opositor al gobierno del Ejecutivo Nacional pero, en el marco del di\u00e1logo y del debate, defiendo fundamentalmente los intereses que defiende el gobernador y que son los de todos los entrerrianos y esto que hemos charlado tambi\u00e9n lo hemos hecho en el bloque del FPV\u201d.<\/p>\n<p>\u201cSoy un hombre de di\u00e1logo y he venido a charlar con el gobernador y lo he hecho en el marco fundamentalmente de un proyecto pol\u00edtico que define decididamente la agenda en sus pueblos\u201d, afirm\u00f3.<\/p>\n<p>Solanas explic\u00f3 que conversaron sobre &#8220;el Presupuesto Nacional, que es el tema de debate en el Congreso. Hay una reuni\u00f3n que tuvieron los gobernadores hace un tiempo sobre el tema del presupuesto con respecto al impuesto a las ganancias, a los 22.000 millones del ATN que hay una idea de que sean coparticipables y la pr\u00f3rroga de las deudas que tienen las provincias con la Naci\u00f3n\u201d.<\/p>\n<p>Dijo que &#8220;a esto lo hemos discutido en el bloque del Frente para la Victoria, estamos con teste de acompa\u00f1ar el requerimiento de los gobernadores al Ejecutivo Nacional, adem\u00e1s de las compensaciones para cubrir los d\u00e9ficit de las Cajas de Jubilaciones que no fueron transferidas a la Naci\u00f3n, como la nuestra\u201d.<\/p>\n<p>Coment\u00f3 adem\u00e1s que &#8220;esto ha sido tema de las comisiones (soy parte de la de Presupuesto) y obviamente integro un bloque pol\u00edtico que acompa\u00f1ar\u00e1 esta solicitud de los gobernadores en funci\u00f3n de sus aspiraciones, que no son personales, sino las del pueblo entrerriano&#8221;.<\/p>\n<p>En ese sentido, \u201cestamos con voluntad de poder acompa\u00f1ar estos temas y que el Ejecutivo acceda a los mismos, porque eso implica no solamente ingresos al gobierno provincial sino tambi\u00e9n ingresos para los intendentes de la provincia de Entre R\u00edos y ese tambi\u00e9n es nuestro cometido\u201d, puntualiz\u00f3 el legislador nacional.<\/p>\n","protected":false},"excerpt":{"rendered":"<p>El diputado nacional entrerriano Julio Solanas garantiz\u00f3 hoy su acompa\u00f1amiento a las propuestas que los gobernadores peronistas est\u00e1n planteando para incluir en el proyecto de Presupuesto del Gobierno Nacional. Fue luego de un encuentro con el gobernador Gustavo Bordet en la Casa Gris &nbsp; &nbsp; &nbsp; &nbsp; &nbsp; Solanas se defini\u00f3 como \u201cun diputado nacional opositor al gobierno del Ejecutivo Nacional pero, en el marco del di\u00e1logo y del debate, defiendo fundamentalmente los intereses que defiende el gobernador y que son los de todos los entrerrianos y esto que hemos&#8230;<\/p>\n","protected":false},"author":3,"featured_media":2825,"comment_status":"closed","ping_status":"closed","sticky":false,"template":"","format":"standard","meta":[],"categories":[15],"tags":[],"_links":{"self":[{"href":"https:\/\/www.actualidadadiario.com\/index.php\/wp-json\/wp\/v2\/posts\/2824"}],"collection":[{"href":"https:\/\/www.actualidadadiario.com\/index.php\/wp-json\/wp\/v2\/posts"}],"about":[{"href":"https:\/\/www.actualidadadiario.com\/index.php\/wp-json\/wp\/v2\/types\/post"}],"author":[{"embeddable":true,"href":"https:\/\/www.actualidadadiario.com\/index.php\/wp-json\/wp\/v2\/users\/3"}],"replies":[{"embeddable":true,"href":"https:\/\/www.actualidadadiario.com\/index.php\/wp-json\/wp\/v2\/comments?post=2824"}],"version-history":[{"count":1,"href":"https:\/\/www.actualidadadiario.com\/index.php\/wp-json\/wp\/v2\/posts\/2824\/revisions"}],"predecessor-version":[{"id":2826,"href":"https:\/\/www.actualidadadiario.com\/index.php\/wp-json\/wp\/v2\/posts\/2824\/revisions\/2826"}],"wp:featuredmedia":[{"embeddable":true,"href":"https:\/\/www.actualidadadiario.com\/index.php\/wp-json\/wp\/v2\/media\/2825"}],"wp:attachment":[{"href":"https:\/\/www.actualidadadiario.com\/index.php\/wp-json\/wp\/v2\/media?parent=2824"}],"wp:term":[{"taxonomy":"category","embeddable":true,"href":"https:\/\/www.actualidadadiario.com\/index.php\/wp-json\/wp\/v2\/categories?post=2824"},{"taxonomy":"post_tag","embeddable":true,"href":"https:\/\/www.actualidadadiario.com\/index.php\/wp-json\/wp\/v2\/tags?post=2824"}],"curies":[{"name":"wp","href":"https:\/\/api.w.org\/{rel}","templated":true}]}}