{"id":28236,"date":"2018-06-07T09:52:55","date_gmt":"2018-06-07T12:52:55","guid":{"rendered":"https:\/\/www.actualidadadiario.com\/?p=28236"},"modified":"2018-11-06T19:44:26","modified_gmt":"2018-11-06T22:44:26","slug":"cuatro-sumarios-para-agentes-publicos-por-causas-relacionadas-con-bandas-narco","status":"publish","type":"post","link":"https:\/\/www.actualidadadiario.com\/index.php\/2018\/06\/07\/cuatro-sumarios-para-agentes-publicos-por-causas-relacionadas-con-bandas-narco\/","title":{"rendered":"Cuatro sumarios para agentes p\u00fablicos &#8220;por causas relacionadas con bandas narco&#8221;"},"content":{"rendered":"<p><em><strong>La ministra de Gobierno, Rosario Romero confirm\u00f3 que se ha iniciado sumario administrativo para cuatro empleados estatales, con causas relacionadas con narcomenudeo. Entre estos est\u00e1 la suboficial Griselda Bordeira<\/strong><\/em><\/p>\n<p>&nbsp;<\/p>\n<p>&nbsp;<\/p>\n<p>&nbsp;<\/p>\n<p>&nbsp;<\/p>\n<p>Dos efectivos policiales y dos penitenciarios fueron pasados a la situaci\u00f3n de revista &#8220;pasiva&#8221; por la Polic\u00eda entrerriana.<\/p>\n<p>&nbsp;<\/p>\n<p>&#8220;Se han dado dos casos muy conocidos, uno en la Costa del Uruguay, en donde hay una persona que pertenece a la fuerza de seguridad de la provincia que fue detenida por narcomenudeo, adem\u00e1s de dos personas del servicio penitenciario. El otro caso es el de Paran\u00e1, en que tenemos la situaci\u00f3n de Griselda Bordeira, tambi\u00e9n detenida por una causa similar&#8221;, comenz\u00f3 indicando la ministra.<\/p>\n<p>&nbsp;<\/p>\n<p>Recordemos que la Suboficial Griselda Bordeira fue pasada a situaci\u00f3n de revista &#8220;pasiva&#8221; por la Polic\u00eda entrerriana. La misma permanece en la c\u00e1rcel de mujeres de Paran\u00e1 luego de haber sido detenida el pasado lunes, en el marco de la causa en la que se investigan sus v\u00ednculos con la banda narco que lideraba Daniel &#8220;Tavi&#8221; Celis.<\/p>\n<p>&nbsp;<\/p>\n<p>Por resoluci\u00f3n del jefe de Polic\u00eda, seg\u00fan coment\u00f3 Romero, &#8220;se inici\u00f3 el sumario administrativo a estas personas (Bordeira y el polic\u00eda y los penitenciarios acusados de proveer de droga a kioscos y a una c\u00e1rcel de Concepci\u00f3n del Uruguay). Se procura obtener las pruebas, a pesar del conocimiento p\u00fablico que se tiene sobre la situaci\u00f3n, sobre la incursi\u00f3n de estas personas en una grave falta administrativa. Como a cualquier empelado administrativo, hay que hacer el sumario administrativo, hasta resolver la situaci\u00f3n&#8221;.<\/p>\n<p>&nbsp;<\/p>\n<p>En el caso de Bordeira, seg\u00fan acot\u00f3 la ministra &#8220;ya est\u00e1 en proceso de sumario administrativo&#8221;.<\/p>\n<p>&nbsp;<\/p>\n<p>En el mismo, la ministra de Gobierno fue tajante al expresar: &#8220;No hay ninguna posibilidad de que un empleado estatal, sospechado y si luego fuera condenado por un delito, permanezca en la fuerza policial&#8221;.<\/p>\n<p>&nbsp;<\/p>\n<p>Consultada respecto del caso de Bordeira, la ministra asever\u00f3: &#8220;Dejando a salvo los derechos de defensa, ya que todas las personas lo tienen en un proceso penal y en un sumario administrativo, existe una diferencia entre el proceso penal en s\u00ed que pretende establecer una pena y el proceso administrativo que tiende a establecer s hay violaciones a deberes como funcionarios p\u00fablicos. Independientemente de la causa penal, puede establecerse una responsabilidad administrativa y una no depende de la otra, siempre y cuando el reproche administrativo no sea solo el delito. Son responsabilidades distintas frente a la ley&#8221;.<\/p>\n<p>&nbsp;<\/p>\n<p>Al mismo tiempo Romero acot\u00f3 que en estos casos que se est\u00e1n investigando &#8220;hay otros reproches, aparte del delito&#8221;.<\/p>\n<p>&nbsp;<\/p>\n<p>En cuanto a la remuneraci\u00f3n de estos empleados, Romero dej\u00f3 en claro que &#8220;hasta tanto no haya una resoluci\u00f3n en el sumario administrativo, siguen percibiendo sus haberes&#8221;.<\/p>\n<p>&nbsp;<\/p>\n<p>Agreg\u00f3 asimismo que &#8220;independientemente que est\u00e9n o no en la c\u00e1rcel, no prestan funciones policiales, hasta que se resuelvan sus responsabilidades&#8221;.<\/p>\n<p>&nbsp;<\/p>\n<p>&nbsp;<\/p>\n<p><strong>Bordeira percib\u00eda &#8220;doble sueldo&#8221;<\/strong><\/p>\n<p>Desde la Polic\u00eda de Entre R\u00edos se inform\u00f3 que la funcionaria municipal que cumpl\u00eda tareas en la gesti\u00f3n de Sergio Varisco, por tal tarea percib\u00eda una remuneraci\u00f3n mensual desde el mismo inicio del gobierno en la comuna de Paran\u00e1.<\/p>\n<p>&nbsp;<\/p>\n<p>El problema que se verific\u00f3, es que Bordeira solicit\u00f3 una adscripci\u00f3n para formar parte de la gesti\u00f3n del intendente Varisco, pero obvi\u00f3 no pedir a la fuerza de seguridad la licencia sin goce de sueldo como uniformada, detalla.<\/p>\n<p>&nbsp;<\/p>\n<p>Esta incompatibilidad se comprob\u00f3 en las \u00faltimas horas, luego de que se iniciara hace pocas semanas atr\u00e1s, el sumario interno, tras conocerse que la Justicia Federal de Paran\u00e1 la imput\u00f3 por sus supuestos v\u00ednculos con la banda narco que lideraba Daniel &#8220;Tavi&#8221; Celis.<\/p>\n<p>&nbsp;<\/p>\n<p>Por esa propia situaci\u00f3n se dispuso el pase a pasivo de Bordeira, para lo cual la investigaci\u00f3n interna de la propia Polic\u00eda continu\u00f3. Ahora, se le ampli\u00f3 el reproche a la posibilidad de haber percibido ilegalmente un sueldo.<\/p>\n","protected":false},"excerpt":{"rendered":"<p>La ministra de Gobierno, Rosario Romero confirm\u00f3 que se ha iniciado sumario administrativo para cuatro empleados estatales, con causas relacionadas con narcomenudeo. Entre estos est\u00e1 la suboficial Griselda Bordeira &nbsp; &nbsp; &nbsp; &nbsp; Dos efectivos policiales y dos penitenciarios fueron pasados a la situaci\u00f3n de revista &#8220;pasiva&#8221; por la Polic\u00eda entrerriana. &nbsp; &#8220;Se han dado dos casos muy conocidos, uno en la Costa del Uruguay, en donde hay una persona que pertenece a la fuerza de seguridad de la provincia que fue detenida por narcomenudeo, adem\u00e1s de dos personas del&#8230;<\/p>\n","protected":false},"author":3,"featured_media":28237,"comment_status":"closed","ping_status":"closed","sticky":false,"template":"","format":"standard","meta":[],"categories":[15],"tags":[],"_links":{"self":[{"href":"https:\/\/www.actualidadadiario.com\/index.php\/wp-json\/wp\/v2\/posts\/28236"}],"collection":[{"href":"https:\/\/www.actualidadadiario.com\/index.php\/wp-json\/wp\/v2\/posts"}],"about":[{"href":"https:\/\/www.actualidadadiario.com\/index.php\/wp-json\/wp\/v2\/types\/post"}],"author":[{"embeddable":true,"href":"https:\/\/www.actualidadadiario.com\/index.php\/wp-json\/wp\/v2\/users\/3"}],"replies":[{"embeddable":true,"href":"https:\/\/www.actualidadadiario.com\/index.php\/wp-json\/wp\/v2\/comments?post=28236"}],"version-history":[{"count":1,"href":"https:\/\/www.actualidadadiario.com\/index.php\/wp-json\/wp\/v2\/posts\/28236\/revisions"}],"predecessor-version":[{"id":28238,"href":"https:\/\/www.actualidadadiario.com\/index.php\/wp-json\/wp\/v2\/posts\/28236\/revisions\/28238"}],"wp:featuredmedia":[{"embeddable":true,"href":"https:\/\/www.actualidadadiario.com\/index.php\/wp-json\/wp\/v2\/media\/28237"}],"wp:attachment":[{"href":"https:\/\/www.actualidadadiario.com\/index.php\/wp-json\/wp\/v2\/media?parent=28236"}],"wp:term":[{"taxonomy":"category","embeddable":true,"href":"https:\/\/www.actualidadadiario.com\/index.php\/wp-json\/wp\/v2\/categories?post=28236"},{"taxonomy":"post_tag","embeddable":true,"href":"https:\/\/www.actualidadadiario.com\/index.php\/wp-json\/wp\/v2\/tags?post=28236"}],"curies":[{"name":"wp","href":"https:\/\/api.w.org\/{rel}","templated":true}]}}