{"id":28233,"date":"2018-06-07T09:51:26","date_gmt":"2018-06-07T12:51:26","guid":{"rendered":"https:\/\/www.actualidadadiario.com\/?p=28233"},"modified":"2018-11-06T19:44:26","modified_gmt":"2018-11-06T22:44:26","slug":"se-podra-conocer-el-presupuesto-provincial-de-manera-accesible-para-todas-las-personas","status":"publish","type":"post","link":"https:\/\/www.actualidadadiario.com\/index.php\/2018\/06\/07\/se-podra-conocer-el-presupuesto-provincial-de-manera-accesible-para-todas-las-personas\/","title":{"rendered":"Se podr\u00e1 conocer el presupuesto provincial de manera accesible para todas las personas"},"content":{"rendered":"<p><em><strong>En el marco de la pol\u00edtica de transparencia que lleva adelante el gobernador Gustavo Bordet, el ministro de Econom\u00eda, Hugo Ballay, present\u00f3 el Presupuesto Ciudadano. Un sitio web con una exposici\u00f3n simplificada del presupuesto provincial para que todas las personas puedan conocer sus detalles<\/strong><\/em><\/p>\n<p>&nbsp;<\/p>\n<p>&nbsp;<\/p>\n<p>&nbsp;<\/p>\n<p>&nbsp;<\/p>\n<p>&nbsp;<\/p>\n<p>\u201cLa idea es dar una respuesta r\u00e1pida y segura a los interrogantes m\u00e1s comunes que se puede hacer cualquier ciudadano sobre el presupuesto provincial, tales como \u00bfqu\u00e9 es el presupuesto? \u00bfC\u00f3mo se financia? \u00bfQu\u00e9 destino se le da al gasto? \u00bfEn qu\u00e9 se gasta y qui\u00e9n gasta?\u201d, explic\u00f3 Ballay este mi\u00e9rcoles. Se podr\u00e1 acceder ingresando a: www.entrerios.gov.ar\/presupuesto\/prciud<\/p>\n<p>&nbsp;<\/p>\n<p>\u201cEl acceso a este tipo de informaci\u00f3n fortalece la calidad institucional de la provincia, y promueve el control ciudadano sobre el funcionamiento de la administraci\u00f3n p\u00fablica\u201d, subray\u00f3 el ministro y celebr\u00f3 que \u201csomos la tercer jurisdicci\u00f3n del pa\u00eds que aplica esta herramienta\u201d, despu\u00e9s de la Ciudad de Buenos Aires y C\u00f3rdoba.<\/p>\n<p>&nbsp;<\/p>\n<p>\u201cLo que el gobernador Gustavo Bordet quiere es que todas las personas puedan conocer el presupuesto provincial, c\u00f3mo se conforma y en qu\u00e9 se invierten los recursos p\u00fablicos. Para eso desarrollamos esta herramienta que est\u00e1 disponible en la p\u00e1gina web del Ministerio de Econom\u00eda y que consiste en una exposici\u00f3n simplificada del presupuesto del a\u00f1o en curso, con gr\u00e1ficos y explicaciones muy sencillas\u201d, agreg\u00f3 el titular de Econom\u00eda.<\/p>\n<p>&nbsp;<\/p>\n<p>Ballay record\u00f3 adem\u00e1s que \u201cEntre R\u00edos ocupa desde hace unos a\u00f1os los primeros lugares en los \u00edndices de transparencia de todo el pa\u00eds\u201d, y sostuvo que \u201cesta herramienta va a fortalecer esa posici\u00f3n, porque a partir de ahora no s\u00f3lo que los datos van a estar publicados tal como establece la ley de presupuesto, sino que tambi\u00e9n cuentan con una presentaci\u00f3n accesible para cualquier persona. Ya no hace falta ser contador o t\u00e9cnico para conocer cu\u00e1l es el presupuesto de la provincia y en qu\u00e9 se gasta\u201d, enfatiz\u00f3.<\/p>\n<p>&nbsp;<\/p>\n<p>A su vez, Ballay subray\u00f3 el desarrollo del portal web creado por la Oficina Provincial de Presupuesto, \u201cvenimos trabajando con su directora, Ingrid Antilaf, el director Adjunto, Hugo Zubillaga y todo su equipo para poner a punto el sitio con la informaci\u00f3n precisa de manera de llevar a\u00fan m\u00e1s transparencia a la gesti\u00f3n de los recursos p\u00fablicos\u201d, agreg\u00f3.<\/p>\n<p>&nbsp;<\/p>\n<p>Asimismo, el ministro explic\u00f3 que el trabajo tambi\u00e9n se articul\u00f3 con la Secretar\u00eda de Modernizaci\u00f3n del Estado, dependiente de la Secretar\u00eda General de la Gobernaci\u00f3n, porque \u201cestamos trabajando todas las \u00e1reas del Estado provincial detr\u00e1s de ese gran objetivo que plante\u00f3 el gobernador Bordet que es lograr una administraci\u00f3n \u00e1gil, profesional, moderna y eficaz, que solucione los problemas de la gente\u201d.<\/p>\n<p>&nbsp;<\/p>\n<p>Para ello, \u201cbuscamos hacer una presentaci\u00f3n no t\u00e9cnica del presupuesto\u201d, y que \u201csimplifique la formalidad del documento que se eleva a la legislatura, que est\u00e1 sujeto a las formalidades establecidas en la Ley de Presupuesto y que termina conformando un documento complejo y voluminoso de dif\u00edcil acceso para los ciudadanos\u201d.<\/p>\n<p>&nbsp;<\/p>\n<p>El ministro tambi\u00e9n se refiri\u00f3 a \u201cla importancia de contar con un presupuesto ordenado, como el que viene ejecutando Entre R\u00edos, que permiti\u00f3 entre otras cosas pagar los sueldos del 1 al 8 de cada mes\u201d, y subray\u00f3 \u201cla decisi\u00f3n del gobernador Gustavo Bordet de trabajar en los consensos necesarios para que el proyecto, que es nada m\u00e1s ni nada menos que la ley de leyes, sea aprobado por unanimidad en ambas c\u00e1maras de la legislatura provincial, tanto en general como en particular\u201d.<\/p>\n<p>&nbsp;<\/p>\n<p>\u201cAsistimos en este periodo, y por impulso del gobernador, a un proceso de fortalecimiento de las instituciones democr\u00e1ticas en la provincia basado en el di\u00e1logo permanente, la transparencia, en la austeridad y en el equilibrio fiscal, pero poniendo siempre el acento en inversiones que son estrat\u00e9gicas para el desarrollo de la provincia, como lo es salud y desarrollo social, entre otras\u201d, concluy\u00f3 Ballay.<\/p>\n","protected":false},"excerpt":{"rendered":"<p>En el marco de la pol\u00edtica de transparencia que lleva adelante el gobernador Gustavo Bordet, el ministro de Econom\u00eda, Hugo Ballay, present\u00f3 el Presupuesto Ciudadano. Un sitio web con una exposici\u00f3n simplificada del presupuesto provincial para que todas las personas puedan conocer sus detalles &nbsp; &nbsp; &nbsp; &nbsp; &nbsp; \u201cLa idea es dar una respuesta r\u00e1pida y segura a los interrogantes m\u00e1s comunes que se puede hacer cualquier ciudadano sobre el presupuesto provincial, tales como \u00bfqu\u00e9 es el presupuesto? \u00bfC\u00f3mo se financia? \u00bfQu\u00e9 destino se le da al gasto? \u00bfEn&#8230;<\/p>\n","protected":false},"author":3,"featured_media":28234,"comment_status":"closed","ping_status":"closed","sticky":false,"template":"","format":"standard","meta":[],"categories":[9,15],"tags":[],"_links":{"self":[{"href":"https:\/\/www.actualidadadiario.com\/index.php\/wp-json\/wp\/v2\/posts\/28233"}],"collection":[{"href":"https:\/\/www.actualidadadiario.com\/index.php\/wp-json\/wp\/v2\/posts"}],"about":[{"href":"https:\/\/www.actualidadadiario.com\/index.php\/wp-json\/wp\/v2\/types\/post"}],"author":[{"embeddable":true,"href":"https:\/\/www.actualidadadiario.com\/index.php\/wp-json\/wp\/v2\/users\/3"}],"replies":[{"embeddable":true,"href":"https:\/\/www.actualidadadiario.com\/index.php\/wp-json\/wp\/v2\/comments?post=28233"}],"version-history":[{"count":1,"href":"https:\/\/www.actualidadadiario.com\/index.php\/wp-json\/wp\/v2\/posts\/28233\/revisions"}],"predecessor-version":[{"id":28235,"href":"https:\/\/www.actualidadadiario.com\/index.php\/wp-json\/wp\/v2\/posts\/28233\/revisions\/28235"}],"wp:featuredmedia":[{"embeddable":true,"href":"https:\/\/www.actualidadadiario.com\/index.php\/wp-json\/wp\/v2\/media\/28234"}],"wp:attachment":[{"href":"https:\/\/www.actualidadadiario.com\/index.php\/wp-json\/wp\/v2\/media?parent=28233"}],"wp:term":[{"taxonomy":"category","embeddable":true,"href":"https:\/\/www.actualidadadiario.com\/index.php\/wp-json\/wp\/v2\/categories?post=28233"},{"taxonomy":"post_tag","embeddable":true,"href":"https:\/\/www.actualidadadiario.com\/index.php\/wp-json\/wp\/v2\/tags?post=28233"}],"curies":[{"name":"wp","href":"https:\/\/api.w.org\/{rel}","templated":true}]}}