{"id":28230,"date":"2018-06-07T09:50:39","date_gmt":"2018-06-07T12:50:39","guid":{"rendered":"https:\/\/www.actualidadadiario.com\/?p=28230"},"modified":"2018-11-06T19:44:26","modified_gmt":"2018-11-06T22:44:26","slug":"los-gremios-estatales-aceptaron-el-aumento-del-19-por-ciento","status":"publish","type":"post","link":"https:\/\/www.actualidadadiario.com\/index.php\/2018\/06\/07\/los-gremios-estatales-aceptaron-el-aumento-del-19-por-ciento\/","title":{"rendered":"Los gremios estatales aceptaron el aumento del 19 por ciento"},"content":{"rendered":"<p><em><strong>Adem\u00e1s del incremento del 19 por ciento, en tres tramos, la provincia elevar\u00e1 el m\u00ednimo a 15.000 pesos desde julio y habr\u00e1 una recomposici\u00f3n para los contratos de obra. Tambi\u00e9n contempla un resguardo ante la inflaci\u00f3n. Desde los gremios destacaron la predisposici\u00f3n para llegar a un acuerdo<\/strong><\/em><\/p>\n<p>&nbsp;<\/p>\n<p>&nbsp;<\/p>\n<p>&nbsp;<\/p>\n<p>&nbsp;<\/p>\n<p>&nbsp;<\/p>\n<p>El acuerdo se llev\u00f3 a cabo este mi\u00e9rcoles en la sede de la Secretar\u00eda de Trabajo de la Provincia. En ese marco, representantes del gobierno y de la Uni\u00f3n del Personal Civil de la Naci\u00f3n (UPCN) y de la Asociaci\u00f3n de Trabajadores del Estado (ATE), acordaron la propuesta elaborada por la provincia.<\/p>\n<p>&nbsp;<\/p>\n<p>En rigor, se acord\u00f3 un aumento del 19 por ciento a pagar en tres tramos: un 8 por ciento en marzo, 9 por ciento en julio, y 2 por ciento en septiembre. Adem\u00e1s, habr\u00e1 una instancia de reuni\u00f3n una vez conocido el \u00cdndice de Precios al Consumidor (IPC) acumulado y que supere el acuerdo; y se elevar\u00e1 el m\u00ednimo a 13.500 pesos desde marzo y a 15.000 pesos desde julio. Por \u00faltimo, se contempla una recomposici\u00f3n para los contratos de obra.<\/p>\n<p>&nbsp;<\/p>\n<p>El secretario de Trabajo, Oscar Balla, encabez\u00f3 la firma del acuerdo en la sede del \u00e1rea laboral, acompa\u00f1ado por el director de Trabajo, Silvio Pucheta y del coordinador, Armando Ferrari.<\/p>\n<p>&nbsp;<\/p>\n<p>En ese marco, el secretario de Hacienda, Gustavo Labriola indic\u00f3: \u201cFue una negociaci\u00f3n responsable y de di\u00e1logo entre ambas partes. El gobierno hizo una propuesta que fue trabajada en conjunto y que contempl\u00f3 las demandas de los gremios. Otorgamos lo m\u00e1ximo que la provincia puede pagar y que va a poder cumplir\u201d.<\/p>\n<p>&nbsp;<\/p>\n<p>\u201cEl acuerdo alcanzado pone de manifiesto una negociaci\u00f3n responsable de ambas partes, sustentada en s\u00f3lidas bases de di\u00e1logo construidas entre el Poder Ejecutivo y las entidades gremiales&#8221;, destac\u00f3 a su turno Balla.<\/p>\n<p>&nbsp;<\/p>\n<p>Participaron de la paritaria, el secretario general de ATE, Oscar Muntes, el secretario Adjunto de UPCN, Fabi\u00e1n Monz\u00f3n y miembros delegados. Desde el Ministerio de Gobierno asistieron el secretario de Relaciones Institucionales, Germ\u00e1n Gran\u00e9, y el director de Asuntos Jur\u00eddicos, Hern\u00e1n Jorge. Por parte del Ministerio de Econom\u00eda participaron el secretario de Hacienda, Gustavo Labriola y la directora de Asuntos Jur\u00eddicos, Sandra Varas.<\/p>\n","protected":false},"excerpt":{"rendered":"<p>Adem\u00e1s del incremento del 19 por ciento, en tres tramos, la provincia elevar\u00e1 el m\u00ednimo a 15.000 pesos desde julio y habr\u00e1 una recomposici\u00f3n para los contratos de obra. Tambi\u00e9n contempla un resguardo ante la inflaci\u00f3n. Desde los gremios destacaron la predisposici\u00f3n para llegar a un acuerdo &nbsp; &nbsp; &nbsp; &nbsp; &nbsp; El acuerdo se llev\u00f3 a cabo este mi\u00e9rcoles en la sede de la Secretar\u00eda de Trabajo de la Provincia. En ese marco, representantes del gobierno y de la Uni\u00f3n del Personal Civil de la Naci\u00f3n (UPCN) y de&#8230;<\/p>\n","protected":false},"author":3,"featured_media":28231,"comment_status":"closed","ping_status":"closed","sticky":false,"template":"","format":"standard","meta":[],"categories":[9,15],"tags":[],"_links":{"self":[{"href":"https:\/\/www.actualidadadiario.com\/index.php\/wp-json\/wp\/v2\/posts\/28230"}],"collection":[{"href":"https:\/\/www.actualidadadiario.com\/index.php\/wp-json\/wp\/v2\/posts"}],"about":[{"href":"https:\/\/www.actualidadadiario.com\/index.php\/wp-json\/wp\/v2\/types\/post"}],"author":[{"embeddable":true,"href":"https:\/\/www.actualidadadiario.com\/index.php\/wp-json\/wp\/v2\/users\/3"}],"replies":[{"embeddable":true,"href":"https:\/\/www.actualidadadiario.com\/index.php\/wp-json\/wp\/v2\/comments?post=28230"}],"version-history":[{"count":1,"href":"https:\/\/www.actualidadadiario.com\/index.php\/wp-json\/wp\/v2\/posts\/28230\/revisions"}],"predecessor-version":[{"id":28232,"href":"https:\/\/www.actualidadadiario.com\/index.php\/wp-json\/wp\/v2\/posts\/28230\/revisions\/28232"}],"wp:featuredmedia":[{"embeddable":true,"href":"https:\/\/www.actualidadadiario.com\/index.php\/wp-json\/wp\/v2\/media\/28231"}],"wp:attachment":[{"href":"https:\/\/www.actualidadadiario.com\/index.php\/wp-json\/wp\/v2\/media?parent=28230"}],"wp:term":[{"taxonomy":"category","embeddable":true,"href":"https:\/\/www.actualidadadiario.com\/index.php\/wp-json\/wp\/v2\/categories?post=28230"},{"taxonomy":"post_tag","embeddable":true,"href":"https:\/\/www.actualidadadiario.com\/index.php\/wp-json\/wp\/v2\/tags?post=28230"}],"curies":[{"name":"wp","href":"https:\/\/api.w.org\/{rel}","templated":true}]}}