{"id":28221,"date":"2018-06-06T11:00:46","date_gmt":"2018-06-06T14:00:46","guid":{"rendered":"https:\/\/www.actualidadadiario.com\/?p=28221"},"modified":"2018-11-06T19:44:30","modified_gmt":"2018-11-06T22:44:30","slug":"espinosa-dedica-su-triunfo-en-la-onu-a-las-mujeres-que-enfrentan-el-machismo-y-la-discriminacion","status":"publish","type":"post","link":"https:\/\/www.actualidadadiario.com\/index.php\/2018\/06\/06\/espinosa-dedica-su-triunfo-en-la-onu-a-las-mujeres-que-enfrentan-el-machismo-y-la-discriminacion\/","title":{"rendered":"Espinosa dedica su triunfo en la ONU a las mujeres que enfrentan el machismo y la discriminaci\u00f3n"},"content":{"rendered":"<p><em><strong>La canciller ecuatoriana, Mar\u00eda Fernanda Espinosa, dedic\u00f3 ayer su elecci\u00f3n como presidenta de la Asamblea General de la ONU a las mujeres que participan en pol\u00edtica y se enfrentan al \u201cmachismo\u201d y la \u201cdiscriminaci\u00f3n\u201d<\/strong><\/em><\/p>\n<p>&nbsp;<\/p>\n<p>&nbsp;<\/p>\n<p>&nbsp;<\/p>\n<p>&nbsp;<\/p>\n<p>\u201cQuiero dedicar esta elecci\u00f3n a todas las mujeres del mundo que hoy participan en pol\u00edtica, que se enfrentan a los ataques pol\u00edticos y medi\u00e1ticos marcados por el machismo y la discriminaci\u00f3n\u201d, dijo en un discurso tras ser elegida.<\/p>\n<p>&nbsp;<\/p>\n<p>Espinosa tambi\u00e9n quiso rendir \u201cun homenaje especial\u201d a las mujeres que luchan por acceder a trabajos en igualdad de condiciones, a las v\u00edctimas de la violencia y a las mujeres y ni\u00f1as que demandan acceso a informaci\u00f3n y educaci\u00f3n de calidad.<\/p>\n<p>&nbsp;<\/p>\n<p>\u201cMi compromiso estar\u00e1 siempre con ellas\u201d, dijo la responsable ecuatoriana de Exteriores.<\/p>\n<p>&nbsp;<\/p>\n<p>Espinosa es la cuarta mujer elegida presidenta de la Asamblea General de la ONU en los 73 a\u00f1os de historia de la organizaci\u00f3n y la primera procedente de Latinoam\u00e9rica y el Caribe.<\/p>\n<p>&nbsp;<\/p>\n<p>La candidata ecuatoriana se impuso con el apoyo de 128 pa\u00edses a su rival, la embajadora hondure\u00f1a ante la ONU, Mary Elizabeth Flores, que obtuvo 62 apoyos.<\/p>\n<p>&nbsp;<\/p>\n<p>Habitualmente, el grupo regional al que le corresponde el turno de presidir la Asamblea pacta una candidatura \u00fanica, algo que no ocurri\u00f3 en esta ocasi\u00f3n, con Latinoam\u00e9rica divida.<\/p>\n<p>&nbsp;<\/p>\n<p>Espinosa defendi\u00f3 que la votaci\u00f3n fue \u201cun acto de fortalecimiento del multilateralismo\u201d y una \u201ccelebraci\u00f3n de los principios fundamentales\u201d de la organizaci\u00f3n.<\/p>\n<p>&nbsp;<\/p>\n<p>\u201cAgradezco profundamente el voto de confianza que hoy han depositado en el Ecuador para presidir esta Asamblea\u201d, dijo en su discurso.<\/p>\n<p>&nbsp;<\/p>\n<p>Espinosa reiter\u00f3 su intenci\u00f3n de llevar a cabo una presidencia \u201cde puertas abiertas\u201d, en la que actuar\u00e1 como \u201cfacilitadora imparcial, objetiva y abierta\u201d y escuchar\u00e1 las posturas de todos los pa\u00edses.<\/p>\n<p>&nbsp;<\/p>\n<p>Adem\u00e1s, mostr\u00f3 su voluntad de trabajar estrechamente con el secretario general de la ONU, Ant\u00f3nio Guterres, en su proceso de reformas y modernizaci\u00f3n, subrayando que los distintos \u00f3rganos de Naciones Unidas \u201cdeben trabajar como un reloj de precisi\u00f3n\u201d.<\/p>\n<p>&nbsp;<\/p>\n<p>\u201cEl fortalecimiento del multilateralismo no es una opci\u00f3n, es una obligaci\u00f3n. Por ello es urgente que las Naciones Unidas muestren capacidad para responder a los principales desaf\u00edos globales y que la organizaci\u00f3n se acerque m\u00e1s a la gente\u201d, apunt\u00f3.<\/p>\n","protected":false},"excerpt":{"rendered":"<p>La canciller ecuatoriana, Mar\u00eda Fernanda Espinosa, dedic\u00f3 ayer su elecci\u00f3n como presidenta de la Asamblea General de la ONU a las mujeres que participan en pol\u00edtica y se enfrentan al \u201cmachismo\u201d y la \u201cdiscriminaci\u00f3n\u201d &nbsp; &nbsp; &nbsp; &nbsp; \u201cQuiero dedicar esta elecci\u00f3n a todas las mujeres del mundo que hoy participan en pol\u00edtica, que se enfrentan a los ataques pol\u00edticos y medi\u00e1ticos marcados por el machismo y la discriminaci\u00f3n\u201d, dijo en un discurso tras ser elegida. &nbsp; Espinosa tambi\u00e9n quiso rendir \u201cun homenaje especial\u201d a las mujeres que luchan por&#8230;<\/p>\n","protected":false},"author":3,"featured_media":28222,"comment_status":"closed","ping_status":"closed","sticky":false,"template":"","format":"standard","meta":[],"categories":[4],"tags":[],"_links":{"self":[{"href":"https:\/\/www.actualidadadiario.com\/index.php\/wp-json\/wp\/v2\/posts\/28221"}],"collection":[{"href":"https:\/\/www.actualidadadiario.com\/index.php\/wp-json\/wp\/v2\/posts"}],"about":[{"href":"https:\/\/www.actualidadadiario.com\/index.php\/wp-json\/wp\/v2\/types\/post"}],"author":[{"embeddable":true,"href":"https:\/\/www.actualidadadiario.com\/index.php\/wp-json\/wp\/v2\/users\/3"}],"replies":[{"embeddable":true,"href":"https:\/\/www.actualidadadiario.com\/index.php\/wp-json\/wp\/v2\/comments?post=28221"}],"version-history":[{"count":1,"href":"https:\/\/www.actualidadadiario.com\/index.php\/wp-json\/wp\/v2\/posts\/28221\/revisions"}],"predecessor-version":[{"id":28223,"href":"https:\/\/www.actualidadadiario.com\/index.php\/wp-json\/wp\/v2\/posts\/28221\/revisions\/28223"}],"wp:featuredmedia":[{"embeddable":true,"href":"https:\/\/www.actualidadadiario.com\/index.php\/wp-json\/wp\/v2\/media\/28222"}],"wp:attachment":[{"href":"https:\/\/www.actualidadadiario.com\/index.php\/wp-json\/wp\/v2\/media?parent=28221"}],"wp:term":[{"taxonomy":"category","embeddable":true,"href":"https:\/\/www.actualidadadiario.com\/index.php\/wp-json\/wp\/v2\/categories?post=28221"},{"taxonomy":"post_tag","embeddable":true,"href":"https:\/\/www.actualidadadiario.com\/index.php\/wp-json\/wp\/v2\/tags?post=28221"}],"curies":[{"name":"wp","href":"https:\/\/api.w.org\/{rel}","templated":true}]}}