{"id":2821,"date":"2016-10-18T09:45:17","date_gmt":"2016-10-18T12:45:17","guid":{"rendered":"http:\/\/actualidadadiario.com\/site\/?p=2821"},"modified":"2016-10-18T09:45:17","modified_gmt":"2016-10-18T12:45:17","slug":"legisladores-valoraron-la-convocatoria-al-dialogo-del-gobernador","status":"publish","type":"post","link":"https:\/\/www.actualidadadiario.com\/index.php\/2016\/10\/18\/legisladores-valoraron-la-convocatoria-al-dialogo-del-gobernador\/","title":{"rendered":"Legisladores valoraron la convocatoria al di\u00e1logo del gobernador"},"content":{"rendered":"<p><em><strong>Tanto los legisladores de la oposici\u00f3n como los del oficialismo, valoraron en forma un\u00e1nime el \u00e1mbito de di\u00e1logo para lograr acuerdos, tras la convocatoria del gobernador Gustavo Bordet a una reuni\u00f3n donde les dio a conocer una s\u00edntesis del proyecto de Presupuesto 2017<\/strong><\/em><\/p>\n<p>&nbsp;<\/p>\n<p>&nbsp;<\/p>\n<p>&nbsp;<\/p>\n<p>&nbsp;<\/p>\n<p>&nbsp;<\/p>\n<p>Luego de la reuni\u00f3n realizada en Sal\u00f3n de las Mujeres Entrerrianas, en Casa de Gobierno, el presidente del bloque de Senadores de Cambiemos, Raymundo Kisser, dijo que \u201cfue una reuni\u00f3n muy positiva. El gobernador ha puesto su equipo a disposici\u00f3n para darnos toda la informaci\u00f3n y est\u00e1 la intenci\u00f3n de conformar una comisi\u00f3n bicameral para trabajar en forma conjunta en el an\u00e1lisis del presupuesto y ver las modificaciones que eventualmente se pueden hacer para agilizar el tratamiento en el Senado, que es C\u00e1mara de revisi\u00f3n, y evitar alguna modificaci\u00f3n que podamos introducir. Es mejor hacerlo en Diputados y as\u00ed agilizar el tratamiento e incluso evitar la comparencia de funcionarios para explicar dos veces las mismas cosas. En principio est\u00e1 previsto que para el martes, a las 10 de la ma\u00f1ana, en la C\u00e1mara de Diputados comenzar\u00edamos a trabajar en esto, incluso en una metodolog\u00eda para poder desmenuzar el presupuesto y llegar con todo hablado y acordado, dejando de lado algunas cuestiones menores para el debate\u201d, manifest\u00f3 el senador. E indic\u00f3: \u201cMe parece que es muy bueno e inteligente que trabajemos en conjunto ambas C\u00e1maras, que nos podamos nutrir de la mayor informaci\u00f3n posible y quedarnos tranquilos de que hay un presupuesto que, si bien estar\u00e1 equilibrado, l\u00f3gicamente va a tener un d\u00e9ficit que viene de arrastre. Vamos a tratar de disminuir ese d\u00e9ficit al m\u00ednimo para tener un presupuesto sin d\u00e9ficit al final de la gesti\u00f3n\u201d.<\/p>\n<p>Por su parte, el presidente del bloque de Diputados de Cambiemos, Sergio Kneteman, destac\u00f3: \u201cHemos concurrido a una invitaci\u00f3n del gobernador y nos parece que es un buen gesto estar \u00e9l personalmente con los presidentes de los bloques legislativos present\u00e1ndonos el proyecto de ley del presupuesto y algunas consideraciones generales que hemos escuchado y que ahora nos ponderemos a trabajar y estudiar. Tambi\u00e9n estuvo el ministro con una predisposici\u00f3n importante para juntarnos la semana pr\u00f3xima para hacerle algunas preguntas puntuales sobre el proyecto. El presupuesto est\u00e1 ajustado a las variables del presupuesto nacional, con lo que es la inflaci\u00f3n, con el crecimiento de la econom\u00eda y el aumento del d\u00f3lar que tiene previsto el gobierno nacional\u201d.<\/p>\n<p>Por el diputado de Uni\u00f3n Popular \u2013 Frente Renovador, Alejandro Bahler, se\u00f1al\u00f3 que \u201cestamos ante un resumen del Presupuesto 2017 que vamos a estudiar\u201d y recalc\u00f3 \u201cel gesto del gobernador de estar participando en la reuni\u00f3n con todos los bloques. Iremos avanzando tambi\u00e9n con el ministro de Econom\u00eda, que se ha puesto a disposici\u00f3n para atendernos a la hora que sea necesaria para cualquier tipo de consulta\u201d.<\/p>\n<p>Por su parte, el diputad del bloque UNA- Frente Renovador, Gustavo Zavallo, afirm\u00f3 que \u201cpara nosotros esto es una actitud positiva, estamos todos tratando de apuntalar la gobernabilidad, obviamente tambi\u00e9n marcando las cosas que se deben corregir. Para esto va a comenzar un debate, para lo cual el gobernador y el vicegobernador han puesto a disposici\u00f3n a su equipo econ\u00f3mico donde cada uno abordaremos las cuestiones que creemos m\u00e1s necesarias y urgentes, buscado esa meta que tenemos todos los entrerrianos y que nos ha manifestado el gobernador, que es alcanzar un equilibrio en las cuentas p\u00fablicas y tambi\u00e9n tratar de aliviar la dependencia de Naci\u00f3n en cuanto al env\u00edo de recursos\u201d.<\/p>\n<p>En tanto, el presidente del bloque de senadores del Frente Justicialista para la victoria (FJV), Angel Giano, sostuvo que \u201ces un proyecto muy equilibrado. La propuesta realmente contempla las proyecciones, similar a las expectativas que tiene el gobierno nacional en cuanto al c\u00e1lculo de recursos y de gastos\u201d.<\/p>\n<p>\u201cTambi\u00e9n contiene las expectativas en cuanto al endeudamiento que se pueda obtener, que ha comprometido el gobierno nacional; y el poder contar con los recursos que el gobierno nacional va a destinar para el d\u00e9ficit de la Caja de Jubilaciones, en funci\u00f3n de la realidad econ\u00f3mica, que no s\u00f3lo es de la Argentina, sino que tiene que ver con un contexto mundial de recesi\u00f3n\u201d, agreg\u00f3.<\/p>\n<p>Para Giano, \u201chay un presupuesto que estima que el a\u00f1o que viene vamos a tener un d\u00e9ficit equilibrado y que nos va a permitir las obras p\u00fablicas que vamos a analizar cada uno de los legisladores respecto a nuestros departamentos; as\u00ed como tambi\u00e9n la previsibilidad de poder tener una independencia cada vez mayor del gobierno nacional\u201d.<\/p>\n<p>Luego indic\u00f3 que el proyecto \u201cva a ser analizado por cada una de las c\u00e1maras, pero en principio vamos a trabajar bicameralmente para poder discutir en un s\u00f3lo \u00e1mbito todas las dudas y sugerencias; que cada legislador pueda plantear su realidad territorial, si est\u00e1 contemplada en el presupuesto; y eso posibilitar\u00eda que en el menor tiempo posible tengamos el presupuesto aprobado en la Legislatura entrerriana\u201d.<\/p>\n<p>Finalmente, el presidente del bloque de diputados del FJV, Juan Jos\u00e9 Bahillo, sostuvo que \u201cee presenta un presupuesto equilibrado, con datos y previsiones absolutamente razonables; una inflaci\u00f3n proyectada del 17 por ciento anual; un producto bruto del 3,5; y que proyecta claramente que se sigue desendeudando a la provincia. El stock de deuda sigue bajando con respecto a los recursos con que cuenta la provincia\u201d.<\/p>\n<p>\u201cA esto hay que estudiarlo un poco m\u00e1s, pero en principio se ve que la provincia tiene sus recursos equilibrados desde el punto de vista econ\u00f3mico. El problema del d\u00e9ficit o de la falta de financiamiento sucede a partir de los vencimientos de deuda. Es decir que si esta provincia hipot\u00e9ticamente no tuviera deuda, tiene una administraci\u00f3n equilibrada, en la cual con lo que recauda paga claramente su inversi\u00f3n y su funcionamiento. Por eso hay que trabajar en un refinanciamiento de la deuda para que no impacte tanto en un corto plazo\u201d, subray\u00f3.<\/p>\n<p>Por \u00faltimo, Bahillo estim\u00f3 que se va a poder llegar a un consenso con los legisladores de la oposici\u00f3n porque, &#8220;m\u00e1s all\u00e1 que se puedan marcar algunas diferencias y algunos aportes que se puedan hacer, lo cual es sano, el gobernador necesita el presupuesto para tomar las decisiones y poder ponerlo en marcha el pr\u00f3ximo a\u00f1o. De modo que por una cuesti\u00f3n de responsabilidad me parece que m\u00e1s all\u00e1 de algunas objeciones deber\u00edan acompa\u00f1ar\u201d.<\/p>\n","protected":false},"excerpt":{"rendered":"<p>Tanto los legisladores de la oposici\u00f3n como los del oficialismo, valoraron en forma un\u00e1nime el \u00e1mbito de di\u00e1logo para lograr acuerdos, tras la convocatoria del gobernador Gustavo Bordet a una reuni\u00f3n donde les dio a conocer una s\u00edntesis del proyecto de Presupuesto 2017 &nbsp; &nbsp; &nbsp; &nbsp; &nbsp; Luego de la reuni\u00f3n realizada en Sal\u00f3n de las Mujeres Entrerrianas, en Casa de Gobierno, el presidente del bloque de Senadores de Cambiemos, Raymundo Kisser, dijo que \u201cfue una reuni\u00f3n muy positiva. El gobernador ha puesto su equipo a disposici\u00f3n para darnos&#8230;<\/p>\n","protected":false},"author":3,"featured_media":2822,"comment_status":"closed","ping_status":"closed","sticky":false,"template":"","format":"standard","meta":[],"categories":[15],"tags":[],"_links":{"self":[{"href":"https:\/\/www.actualidadadiario.com\/index.php\/wp-json\/wp\/v2\/posts\/2821"}],"collection":[{"href":"https:\/\/www.actualidadadiario.com\/index.php\/wp-json\/wp\/v2\/posts"}],"about":[{"href":"https:\/\/www.actualidadadiario.com\/index.php\/wp-json\/wp\/v2\/types\/post"}],"author":[{"embeddable":true,"href":"https:\/\/www.actualidadadiario.com\/index.php\/wp-json\/wp\/v2\/users\/3"}],"replies":[{"embeddable":true,"href":"https:\/\/www.actualidadadiario.com\/index.php\/wp-json\/wp\/v2\/comments?post=2821"}],"version-history":[{"count":1,"href":"https:\/\/www.actualidadadiario.com\/index.php\/wp-json\/wp\/v2\/posts\/2821\/revisions"}],"predecessor-version":[{"id":2823,"href":"https:\/\/www.actualidadadiario.com\/index.php\/wp-json\/wp\/v2\/posts\/2821\/revisions\/2823"}],"wp:featuredmedia":[{"embeddable":true,"href":"https:\/\/www.actualidadadiario.com\/index.php\/wp-json\/wp\/v2\/media\/2822"}],"wp:attachment":[{"href":"https:\/\/www.actualidadadiario.com\/index.php\/wp-json\/wp\/v2\/media?parent=2821"}],"wp:term":[{"taxonomy":"category","embeddable":true,"href":"https:\/\/www.actualidadadiario.com\/index.php\/wp-json\/wp\/v2\/categories?post=2821"},{"taxonomy":"post_tag","embeddable":true,"href":"https:\/\/www.actualidadadiario.com\/index.php\/wp-json\/wp\/v2\/tags?post=2821"}],"curies":[{"name":"wp","href":"https:\/\/api.w.org\/{rel}","templated":true}]}}