{"id":2818,"date":"2016-10-18T09:44:30","date_gmt":"2016-10-18T12:44:30","guid":{"rendered":"http:\/\/actualidadadiario.com\/site\/?p=2818"},"modified":"2016-10-18T09:44:30","modified_gmt":"2016-10-18T12:44:30","slug":"bordet-aseguro-que-envio-a-la-legislatura-un-presupuesto-2017-ordenado-y-equilibrado","status":"publish","type":"post","link":"https:\/\/www.actualidadadiario.com\/index.php\/2016\/10\/18\/bordet-aseguro-que-envio-a-la-legislatura-un-presupuesto-2017-ordenado-y-equilibrado\/","title":{"rendered":"Bordet asegur\u00f3 que envi\u00f3 a la Legislatura un Presupuesto 2017 &#8220;ordenado y equilibrado&#8221;"},"content":{"rendered":"<p><em><strong>El gobernador Gustavo Bordet precis\u00f3 que ante la C\u00e1mara de Diputados de la provincia se present\u00f3 el viernes pasado el proyecto de ley de Presupuesto 2017 &#8220;ordenado y equilibrado&#8221;. &#8220;Es nuestra intenci\u00f3n que se pueda abordar bicameralmente este proyecto, que se pueda discutir y consensuar todo lo que sea necesario y alcanzar el m\u00e1ximo de aprobaci\u00f3n de todos los bloques&#8221;, resalt\u00f3<\/strong><\/em><\/p>\n<p>&nbsp;<\/p>\n<p>&nbsp;<\/p>\n<p>&nbsp;<\/p>\n<p>&nbsp;<\/p>\n<p>&nbsp;<\/p>\n<p>En el Sal\u00f3n Mujeres Entrerrianas, el primer mandatario entrerriano, junto al vicegobernador Ad\u00e1n Bahl, al ministro de Econom\u00eda, Hugo Ballay, y al secretario de Hacienda, Gustavo Labriola, mantuvo una reuni\u00f3n de trabajo con los presidentes de los bloques de Senadores provinciales del Frente para la Victoria, Angel Giano, y de Cambiemos, Raymundo Kisser. Tambi\u00e9n estuvieron presentes los titulares de los bloques de Diputados provinciales del Frente para la Victoria, Juan Jos\u00e9 Bahillo; de Cambiemos, Sergio Kneeteman, del Frente Renovador, Gustavo Zavallo, y de Uni\u00f3n Popular-Frente Renovador, Alejandro Bahler.<\/p>\n<p>&#8220;El proyecto de Presupuesto 2017 lo presentamos el viernes pasado en la C\u00e1mara de Diputados de la provincia, en cumplimiento de lo que dicta la Constituci\u00f3n de Entre R\u00edos, que fija como plazo el 15 de octubre&#8221;, coment\u00f3 Bordet previo al inicio de la reuni\u00f3n con los presidentes de los bloques legislativos entrerrianos, a quienes entreg\u00f3 &#8220;un ejemplar resumido del Presupuesto. Es nuestra intenci\u00f3n que se pueda abordar bicameralmente este proyecto, que se pueda discutir y consensuar todo lo que sea necesario y alcanzar el m\u00e1ximo de aprobaci\u00f3n de todos los bloques. En este sentido el Presupuesto que estamos presentando es un presupuesto donde econ\u00f3micamente se est\u00e1 en equilibrio, donde tomamos metas muy reales, con mucha certeza y que tambi\u00e9n tiene que ver con objetivos y metas compartidas con el gobierno nacional porque no se puede disociar lo que son metas nacionales con metas provinciales y la verdad que hemos trabajo con mucha conciencia de poder tener en 2017 un presupuesto ordenado y equilibrado para Entre R\u00edos&#8221;.<\/p>\n<p>Consultado sobre el monto, el mandatario mencion\u00f3 que &#8220;estimativamente, si uno toma en cuenta la globalidad del Presupuesto, estamos hablando de 74.000 millones de pesos pero si tomamos los ingresos que efectivamente corresponden por recaudaci\u00f3n propia y coparticipaci\u00f3n estamos hablando de 50.000 millones de pesos&#8221;. Luego, agreg\u00f3 que &#8220;estamos tomando las mismas metas inflacionarias del 17 por ciento y un crecimiento del Producto Bruto Interno (PBI) del 3,5 por ciento con la naci\u00f3n para tener una misma unidad de criterio y para tener tambi\u00e9n los mismos indicadores. Esto resulta clave a la hora de poder proyectar y programar&#8221;.<\/p>\n<p>M\u00e1s adelante, detall\u00f3 que &#8220;se engros\u00f3 el rubro personal, puesto que hemos dado buenas recomposiciones salariales, como es el 37 por ciento a los docentes y un 33 por ciento que se traduje en un 35 por ciento para los estatales. Hemos hecho un esfuerzo important\u00edsimo a pesar de que en algunos casos algunas organizaciones gremiales no lo han valorado en este sentido. Hemos hecho este esfuerzo y hemos reducido a un 8 por ciento el gasto operativo y de funcionamiento. Esto significa que hemos trabajado con restricci\u00f3n de todo lo que es gasto superfluo, improductivo, reduci\u00e9ndolo pr\u00e1cticamente al 8 por ciento cuando estamos hablando de una inflaci\u00f3n del 40 por ciento en ese orden&#8221;.<\/p>\n<p>Tambi\u00e9n dio cuenta que el proyecto contempla aumentos salariales para los trabajadores estatales. &#8220;Por supuesto que contempla y esto est\u00e1 atado siempre a lo que tiene que ver la mejora de la recaudaci\u00f3n que tambi\u00e9n es una de las metas que nos fijamos como prioritaria para el Presupuesto 2017&#8221;, acot\u00f3.<\/p>\n<p>Con respecto a las obras fijadas, se\u00f1al\u00f3 que &#8220;hemos planteado un esquema dentro de las partidas que tenemos previstas y justamente la participaci\u00f3n en la Legislatura tienen que ver con la representatividad territorial, puesto que cada senador representa a un departamento de la provincia y los diputados tambi\u00e9n tiene una representatividad territorial, y ah\u00ed se discutir\u00e1n muchas obras que pueden ser necesarias incorporar dentro del Presupuesto, tanto nominalmente con una imputaci\u00f3n financiera y esto es lo que se discute justamente y nosotros queremos que se d\u00e9 esta discusi\u00f3n pero tambi\u00e9n queremos que se den los consensos para lograr una aprobaci\u00f3n un\u00e1nime del Presupuesto&#8221;.<\/p>\n<p>Tambi\u00e9n se refiri\u00f3 a lo vinculado a Salud en el Presupuesto. &#8220;Venimos con metas que nos hemos planteado para el a\u00f1o pr\u00f3ximo. Reci\u00e9n habl\u00e1bamos de obras p\u00fablicas y est\u00e1 prevista la finalizaci\u00f3n del hospital de Gualeguaych\u00fa que tiene un aporte de la provincia importante para el a\u00f1o pr\u00f3ximo. Esto es un compromiso y un convenio que hemos hecho con el gobierno nacional y tambi\u00e9n reestructuraciones edilicias en muchos hospitales que son centenarios. En este sentido hemos trabajado mucho en el \u00e1rea Salud prioriz\u00e1ndola como una de las m\u00e1s importantes&#8221;.<\/p>\n","protected":false},"excerpt":{"rendered":"<p>El gobernador Gustavo Bordet precis\u00f3 que ante la C\u00e1mara de Diputados de la provincia se present\u00f3 el viernes pasado el proyecto de ley de Presupuesto 2017 &#8220;ordenado y equilibrado&#8221;. &#8220;Es nuestra intenci\u00f3n que se pueda abordar bicameralmente este proyecto, que se pueda discutir y consensuar todo lo que sea necesario y alcanzar el m\u00e1ximo de aprobaci\u00f3n de todos los bloques&#8221;, resalt\u00f3 &nbsp; &nbsp; &nbsp; &nbsp; &nbsp; En el Sal\u00f3n Mujeres Entrerrianas, el primer mandatario entrerriano, junto al vicegobernador Ad\u00e1n Bahl, al ministro de Econom\u00eda, Hugo Ballay, y al secretario de&#8230;<\/p>\n","protected":false},"author":3,"featured_media":2819,"comment_status":"closed","ping_status":"closed","sticky":false,"template":"","format":"standard","meta":[],"categories":[9],"tags":[],"_links":{"self":[{"href":"https:\/\/www.actualidadadiario.com\/index.php\/wp-json\/wp\/v2\/posts\/2818"}],"collection":[{"href":"https:\/\/www.actualidadadiario.com\/index.php\/wp-json\/wp\/v2\/posts"}],"about":[{"href":"https:\/\/www.actualidadadiario.com\/index.php\/wp-json\/wp\/v2\/types\/post"}],"author":[{"embeddable":true,"href":"https:\/\/www.actualidadadiario.com\/index.php\/wp-json\/wp\/v2\/users\/3"}],"replies":[{"embeddable":true,"href":"https:\/\/www.actualidadadiario.com\/index.php\/wp-json\/wp\/v2\/comments?post=2818"}],"version-history":[{"count":1,"href":"https:\/\/www.actualidadadiario.com\/index.php\/wp-json\/wp\/v2\/posts\/2818\/revisions"}],"predecessor-version":[{"id":2820,"href":"https:\/\/www.actualidadadiario.com\/index.php\/wp-json\/wp\/v2\/posts\/2818\/revisions\/2820"}],"wp:featuredmedia":[{"embeddable":true,"href":"https:\/\/www.actualidadadiario.com\/index.php\/wp-json\/wp\/v2\/media\/2819"}],"wp:attachment":[{"href":"https:\/\/www.actualidadadiario.com\/index.php\/wp-json\/wp\/v2\/media?parent=2818"}],"wp:term":[{"taxonomy":"category","embeddable":true,"href":"https:\/\/www.actualidadadiario.com\/index.php\/wp-json\/wp\/v2\/categories?post=2818"},{"taxonomy":"post_tag","embeddable":true,"href":"https:\/\/www.actualidadadiario.com\/index.php\/wp-json\/wp\/v2\/tags?post=2818"}],"curies":[{"name":"wp","href":"https:\/\/api.w.org\/{rel}","templated":true}]}}