{"id":28151,"date":"2018-06-05T10:18:48","date_gmt":"2018-06-05T13:18:48","guid":{"rendered":"https:\/\/www.actualidadadiario.com\/?p=28151"},"modified":"2018-11-06T19:44:35","modified_gmt":"2018-11-06T22:44:35","slug":"erupcion-retomaron-la-busqueda-de-victimas-en-guatemala","status":"publish","type":"post","link":"https:\/\/www.actualidadadiario.com\/index.php\/2018\/06\/05\/erupcion-retomaron-la-busqueda-de-victimas-en-guatemala\/","title":{"rendered":"Erupci\u00f3n: retomaron la b\u00fasqueda de v\u00edctimas en Guatemala"},"content":{"rendered":"<p><em><b>Informe actualizado del Instituto Nacional\u00a0de Ciencias Forenses de aquella naci\u00f3n tras la tragedia que desat\u00f3 el volc\u00e1n Fuego<\/b><\/em><\/p>\n<p>&nbsp;<\/p>\n<p>&nbsp;<\/p>\n<p>&nbsp;<\/p>\n<p>&nbsp;<\/p>\n<p>&nbsp;<\/p>\n<p>Los equipos de rescate retoman este martes la b\u00fasqueda de sobrevivientes y v\u00edctimas de la potente erupci\u00f3n del volc\u00e1n de Fuego en Guatemala, que dej\u00f3 al menos 69 muertos, inform\u00f3 protecci\u00f3n civil.<\/p>\n<p>&nbsp;<\/p>\n<p>&#8220;Vamos a seguir hasta que encontremos a la \u00faltima v\u00edctima, aunque no sabemos cu\u00e1ntas v\u00edctimas hay, pero vamos a revisar el \u00e1rea las veces que sea necesario&#8221;, dijo a la AFP el director de la Coordinadora para la Reducci\u00f3n de Desastres (Conred), Sergio Caba\u00f1as.<\/p>\n<p>&nbsp;<\/p>\n<p>El domingo, el volc\u00e1n de Fuego, de 3.763 metros de altura, situado a 35 kil\u00f3metros al suroeste de la capital, registr\u00f3 una potente erupci\u00f3n que hasta el momento ha dejado 69 muertos, seg\u00fan datos del Instituto Nacional de Ciencias Forenses (Inacif).<\/p>\n","protected":false},"excerpt":{"rendered":"<p>Informe actualizado del Instituto Nacional\u00a0de Ciencias Forenses de aquella naci\u00f3n tras la tragedia que desat\u00f3 el volc\u00e1n Fuego &nbsp; &nbsp; &nbsp; &nbsp; &nbsp; Los equipos de rescate retoman este martes la b\u00fasqueda de sobrevivientes y v\u00edctimas de la potente erupci\u00f3n del volc\u00e1n de Fuego en Guatemala, que dej\u00f3 al menos 69 muertos, inform\u00f3 protecci\u00f3n civil. &nbsp; &#8220;Vamos a seguir hasta que encontremos a la \u00faltima v\u00edctima, aunque no sabemos cu\u00e1ntas v\u00edctimas hay, pero vamos a revisar el \u00e1rea las veces que sea necesario&#8221;, dijo a la AFP el director de&#8230;<\/p>\n","protected":false},"author":3,"featured_media":28152,"comment_status":"closed","ping_status":"closed","sticky":false,"template":"","format":"standard","meta":[],"categories":[4],"tags":[],"_links":{"self":[{"href":"https:\/\/www.actualidadadiario.com\/index.php\/wp-json\/wp\/v2\/posts\/28151"}],"collection":[{"href":"https:\/\/www.actualidadadiario.com\/index.php\/wp-json\/wp\/v2\/posts"}],"about":[{"href":"https:\/\/www.actualidadadiario.com\/index.php\/wp-json\/wp\/v2\/types\/post"}],"author":[{"embeddable":true,"href":"https:\/\/www.actualidadadiario.com\/index.php\/wp-json\/wp\/v2\/users\/3"}],"replies":[{"embeddable":true,"href":"https:\/\/www.actualidadadiario.com\/index.php\/wp-json\/wp\/v2\/comments?post=28151"}],"version-history":[{"count":2,"href":"https:\/\/www.actualidadadiario.com\/index.php\/wp-json\/wp\/v2\/posts\/28151\/revisions"}],"predecessor-version":[{"id":28154,"href":"https:\/\/www.actualidadadiario.com\/index.php\/wp-json\/wp\/v2\/posts\/28151\/revisions\/28154"}],"wp:featuredmedia":[{"embeddable":true,"href":"https:\/\/www.actualidadadiario.com\/index.php\/wp-json\/wp\/v2\/media\/28152"}],"wp:attachment":[{"href":"https:\/\/www.actualidadadiario.com\/index.php\/wp-json\/wp\/v2\/media?parent=28151"}],"wp:term":[{"taxonomy":"category","embeddable":true,"href":"https:\/\/www.actualidadadiario.com\/index.php\/wp-json\/wp\/v2\/categories?post=28151"},{"taxonomy":"post_tag","embeddable":true,"href":"https:\/\/www.actualidadadiario.com\/index.php\/wp-json\/wp\/v2\/tags?post=28151"}],"curies":[{"name":"wp","href":"https:\/\/api.w.org\/{rel}","templated":true}]}}