{"id":2815,"date":"2016-10-18T09:43:38","date_gmt":"2016-10-18T12:43:38","guid":{"rendered":"http:\/\/actualidadadiario.com\/site\/?p=2815"},"modified":"2016-10-18T09:43:38","modified_gmt":"2016-10-18T12:43:38","slug":"de-que-se-trata-el-paro-nacional-de-mujeres-que-se-hara-el-miercoles","status":"publish","type":"post","link":"https:\/\/www.actualidadadiario.com\/index.php\/2016\/10\/18\/de-que-se-trata-el-paro-nacional-de-mujeres-que-se-hara-el-miercoles\/","title":{"rendered":"De qu\u00e9 se trata el paro nacional de mujeres que se har\u00e1 el mi\u00e9rcoles"},"content":{"rendered":"<p><em><strong>Es la primera vez que sucede en el pa\u00eds y solo durar\u00e1 una hora. La consigna es \u201cBasta de violencia machista, vivas nos queremos\u201d<\/strong><\/em><\/p>\n<p>&nbsp;<\/p>\n<p>&nbsp;<\/p>\n<p>&nbsp;<\/p>\n<p>&nbsp;<\/p>\n<p>Organizaciones relacionadas con la defensa de los derechos de las mujeres convocaron un &#8220;Paro Nacional de Mujeres&#8221; para este mi\u00e9rcoles 19, como forma de protesta contra la violencia de g\u00e9nero. La iniciativa, \u00fanica en el pa\u00eds, surge a partir del crimen de Luc\u00eda P\u00e9rez, la adolescente de 16 a\u00f1os violada y asesinada en Mar del Plata la semana pasada.<\/p>\n<p>&nbsp;<\/p>\n<p>La convocatoria llama a las mujeres de todo el pa\u00eds a suspender todo tipo de actividad que est\u00e9n realizando durante una hora, entre las 13 y las 14, sea donde sea que se encuentren.<\/p>\n<p>&nbsp;<\/p>\n<p>&#8220;En tu oficina, en la escuela, en un hospital, en un juzgado, en la redacci\u00f3n, en la tienda, en la f\u00e1brica o donde est\u00e9s produciendo, par\u00e1 una hora para exigir &#8216;Basta de violencia machista, vivas nos queremos'&#8221;, dice la convocatoria, seg\u00fan reprodujo La Naci\u00f3n.<\/p>\n<p>&nbsp;<\/p>\n<p>A las 17 est\u00e1 prevista una concentraci\u00f3n en el Obelisco, en Buenos Aires, que desembocar\u00e1 en una marcha a la Plaza de Mayo.<\/p>\n<p>&nbsp;<\/p>\n<p>Actualmente circula un mensaje en Whatapps que promueve a que todas las mujeres cambien su foto de perfil hasta ese d\u00eda por la imagen que tiene el hash #NiUnaMenos.<\/p>\n","protected":false},"excerpt":{"rendered":"<p>Es la primera vez que sucede en el pa\u00eds y solo durar\u00e1 una hora. La consigna es \u201cBasta de violencia machista, vivas nos queremos\u201d &nbsp; &nbsp; &nbsp; &nbsp; Organizaciones relacionadas con la defensa de los derechos de las mujeres convocaron un &#8220;Paro Nacional de Mujeres&#8221; para este mi\u00e9rcoles 19, como forma de protesta contra la violencia de g\u00e9nero. La iniciativa, \u00fanica en el pa\u00eds, surge a partir del crimen de Luc\u00eda P\u00e9rez, la adolescente de 16 a\u00f1os violada y asesinada en Mar del Plata la semana pasada. &nbsp; La convocatoria&#8230;<\/p>\n","protected":false},"author":3,"featured_media":2816,"comment_status":"closed","ping_status":"closed","sticky":false,"template":"","format":"standard","meta":[],"categories":[4],"tags":[],"_links":{"self":[{"href":"https:\/\/www.actualidadadiario.com\/index.php\/wp-json\/wp\/v2\/posts\/2815"}],"collection":[{"href":"https:\/\/www.actualidadadiario.com\/index.php\/wp-json\/wp\/v2\/posts"}],"about":[{"href":"https:\/\/www.actualidadadiario.com\/index.php\/wp-json\/wp\/v2\/types\/post"}],"author":[{"embeddable":true,"href":"https:\/\/www.actualidadadiario.com\/index.php\/wp-json\/wp\/v2\/users\/3"}],"replies":[{"embeddable":true,"href":"https:\/\/www.actualidadadiario.com\/index.php\/wp-json\/wp\/v2\/comments?post=2815"}],"version-history":[{"count":1,"href":"https:\/\/www.actualidadadiario.com\/index.php\/wp-json\/wp\/v2\/posts\/2815\/revisions"}],"predecessor-version":[{"id":2817,"href":"https:\/\/www.actualidadadiario.com\/index.php\/wp-json\/wp\/v2\/posts\/2815\/revisions\/2817"}],"wp:featuredmedia":[{"embeddable":true,"href":"https:\/\/www.actualidadadiario.com\/index.php\/wp-json\/wp\/v2\/media\/2816"}],"wp:attachment":[{"href":"https:\/\/www.actualidadadiario.com\/index.php\/wp-json\/wp\/v2\/media?parent=2815"}],"wp:term":[{"taxonomy":"category","embeddable":true,"href":"https:\/\/www.actualidadadiario.com\/index.php\/wp-json\/wp\/v2\/categories?post=2815"},{"taxonomy":"post_tag","embeddable":true,"href":"https:\/\/www.actualidadadiario.com\/index.php\/wp-json\/wp\/v2\/tags?post=2815"}],"curies":[{"name":"wp","href":"https:\/\/api.w.org\/{rel}","templated":true}]}}