{"id":28148,"date":"2018-06-05T10:18:09","date_gmt":"2018-06-05T13:18:09","guid":{"rendered":"https:\/\/www.actualidadadiario.com\/?p=28148"},"modified":"2018-11-06T19:44:35","modified_gmt":"2018-11-06T22:44:35","slug":"cae-el-primer-ministro-de-jordania-por-las-imposiciones-del-fmi","status":"publish","type":"post","link":"https:\/\/www.actualidadadiario.com\/index.php\/2018\/06\/05\/cae-el-primer-ministro-de-jordania-por-las-imposiciones-del-fmi\/","title":{"rendered":"Cae el primer ministro de Jordania por las imposiciones del FMI"},"content":{"rendered":"<p><em><strong>Las pol\u00edticas de austeridad desataron una ola de protestas que derivaron en el derrumbe del ejecutivo<\/strong><\/em><\/p>\n<p>&nbsp;<\/p>\n<p>&nbsp;<\/p>\n<p>&nbsp;<\/p>\n<p>&nbsp;<\/p>\n<p>&nbsp;<\/p>\n<p>El primer ministro de Jordania, Hani al Mulki, cay\u00f3 este lunes despu\u00e9s de una huelga general y varios d\u00edas de protestas en todo el pa\u00eds en contra de un proyecto de ley impulsado por su gobierno para aplicar una suba de impuestos recomendada por el Fondo Monetario Internacional (FMI).<\/p>\n<p>&nbsp;<\/p>\n<p>La iniciativa pretend\u00eda mejorar la administraci\u00f3n tributaria y aumentar el n\u00famero de contribuyentes en un 6%, rebajando el umbral de ingresos exigido para pagar el impuesto sobre la renta, en el marco de las medidas de ajuste exigidas por el FMI, luego de acordar la entrega de una l\u00ednea de cr\u00e9dito de 723 millones de d\u00f3lares firmada hace dos a\u00f1os.<\/p>\n<p>&nbsp;<\/p>\n<p>El proyecto desat\u00f3 una enorme huelga general el \u00faltimo mi\u00e9rcoles y desde entonces las protestas diarias se han extendido por todo el pa\u00eds. Este lunes continuaban, pese a la decisi\u00f3n del rey Abdullah II de exigirle la renuncia a Al Munki.<\/p>\n<p>&nbsp;<\/p>\n<p>Jordania introdujo varias medidas de austeridad para aumentar los ingresos y reducir el d\u00e9ficit fiscal que contempla entre otras cosas la supresi\u00f3n de subsidios en productos b\u00e1sicos, como el pan y la suba del precio de combustibles. Las reformas se enmarcan en el compromiso de este pa\u00eds con el organismo internacional para bajar su deuda p\u00fablica del 94% del PBI registrado en 2015 hasta el 77% en el 2021.<\/p>\n<p>&nbsp;<\/p>\n<p>Al Mulki present\u00f3 su dimisi\u00f3n al rey Abdullah II, quien le pidi\u00f3 al actual ministro de Educaci\u00f3n, Omar al Razaz, que forme un nuevo ejecutivo en medio de la crisis.<\/p>\n<p>&nbsp;<\/p>\n<p>Las protestas, que entre sus demandas exig\u00edan un freno a la subida de precios y la renuncia de Al Mulki, no cesaron pese a que el rey Abdullah II congel\u00f3 el viernes los precios de la electricidad y el combustible.<\/p>\n<p>&nbsp;<\/p>\n<p>Poco antes de conocer la dimisi\u00f3n, fuentes de seguridad informaron del arresto de 60 personas en todo el pa\u00eds en los \u00faltimos d\u00edas durante disturbios relacionados con las protestas, inform\u00f3 la agencia de noticias DPA.<\/p>\n<p>&nbsp;<\/p>\n<p>Los detenidos est\u00e1n acusados de disturbios, de violar la ley o de llevar armas blancas, se\u00f1al\u00f3 el director de la seguridad p\u00fablica, el general Fadel al Hamoud.<\/p>\n<p>&nbsp;<\/p>\n<p>Unos 45 polic\u00edas resultaron heridos por arma de fuego o artefactos explosivos, dijo Al Hamoud en una rueda de prensa en la capital Am\u00e1n.<\/p>\n<p>&nbsp;<\/p>\n<p>Los sindicatos anunciaron m\u00e1s protestas y una huelga general para el mi\u00e9rcoles.<\/p>\n<p>&nbsp;<\/p>\n<p>El propio pr\u00edncipe heredero jordano, Husein bin Abdal\u00e1, exhort\u00f3 a las fuerzas de seguridad a garantizar la libre manifestaci\u00f3n: &#8220;Deben poder expresar sus opiniones y nuestro deber es protegerlos&#8221;, asegur\u00f3.<\/p>\n<p>&nbsp;<\/p>\n<p>Seg\u00fan la agencia de noticias estatal Petra, el Parlamento ha solicitado permiso al rey para celebrar una sesi\u00f3n extraordinaria en la que podr\u00eda tumbarse el borrador de ley que incluye un incremento de los impuestos de los trabajadores en torno al 5% y de entre un 20% y un 40% para las empresas.<\/p>\n<p>&nbsp;<\/p>\n<p>Por el momento, la renuncia del primer ministro no aplac\u00f3 las protestas y los sindicatos est\u00e1n convocando a una nueva huelga general para este mi\u00e9rcoles.<\/p>\n","protected":false},"excerpt":{"rendered":"<p>Las pol\u00edticas de austeridad desataron una ola de protestas que derivaron en el derrumbe del ejecutivo &nbsp; &nbsp; &nbsp; &nbsp; &nbsp; El primer ministro de Jordania, Hani al Mulki, cay\u00f3 este lunes despu\u00e9s de una huelga general y varios d\u00edas de protestas en todo el pa\u00eds en contra de un proyecto de ley impulsado por su gobierno para aplicar una suba de impuestos recomendada por el Fondo Monetario Internacional (FMI). &nbsp; La iniciativa pretend\u00eda mejorar la administraci\u00f3n tributaria y aumentar el n\u00famero de contribuyentes en un 6%, rebajando el umbral&#8230;<\/p>\n","protected":false},"author":3,"featured_media":28149,"comment_status":"closed","ping_status":"closed","sticky":false,"template":"","format":"standard","meta":[],"categories":[4],"tags":[],"_links":{"self":[{"href":"https:\/\/www.actualidadadiario.com\/index.php\/wp-json\/wp\/v2\/posts\/28148"}],"collection":[{"href":"https:\/\/www.actualidadadiario.com\/index.php\/wp-json\/wp\/v2\/posts"}],"about":[{"href":"https:\/\/www.actualidadadiario.com\/index.php\/wp-json\/wp\/v2\/types\/post"}],"author":[{"embeddable":true,"href":"https:\/\/www.actualidadadiario.com\/index.php\/wp-json\/wp\/v2\/users\/3"}],"replies":[{"embeddable":true,"href":"https:\/\/www.actualidadadiario.com\/index.php\/wp-json\/wp\/v2\/comments?post=28148"}],"version-history":[{"count":1,"href":"https:\/\/www.actualidadadiario.com\/index.php\/wp-json\/wp\/v2\/posts\/28148\/revisions"}],"predecessor-version":[{"id":28150,"href":"https:\/\/www.actualidadadiario.com\/index.php\/wp-json\/wp\/v2\/posts\/28148\/revisions\/28150"}],"wp:featuredmedia":[{"embeddable":true,"href":"https:\/\/www.actualidadadiario.com\/index.php\/wp-json\/wp\/v2\/media\/28149"}],"wp:attachment":[{"href":"https:\/\/www.actualidadadiario.com\/index.php\/wp-json\/wp\/v2\/media?parent=28148"}],"wp:term":[{"taxonomy":"category","embeddable":true,"href":"https:\/\/www.actualidadadiario.com\/index.php\/wp-json\/wp\/v2\/categories?post=28148"},{"taxonomy":"post_tag","embeddable":true,"href":"https:\/\/www.actualidadadiario.com\/index.php\/wp-json\/wp\/v2\/tags?post=28148"}],"curies":[{"name":"wp","href":"https:\/\/api.w.org\/{rel}","templated":true}]}}