{"id":28143,"date":"2018-06-05T10:16:46","date_gmt":"2018-06-05T13:16:46","guid":{"rendered":"https:\/\/www.actualidadadiario.com\/?p=28143"},"modified":"2018-11-06T19:44:35","modified_gmt":"2018-11-06T22:44:35","slug":"la-violencia-no-cesa-871-femicidios-y-24-travesticidios-en-tres-anos","status":"publish","type":"post","link":"https:\/\/www.actualidadadiario.com\/index.php\/2018\/06\/05\/la-violencia-no-cesa-871-femicidios-y-24-travesticidios-en-tres-anos\/","title":{"rendered":"La violencia no cesa: 871 femicidios y 24 travesticidios en tres a\u00f1os"},"content":{"rendered":"<p><em><strong>Lo calcul\u00f3 el movimiento Mujeres de la Matria Latinoamericana (MuMaL\u00e1) desde la primera marcha, que se realiz\u00f3 el 3 de junio de 2015, hasta el \u00faltimo 29 de mayo<\/strong><\/em><\/p>\n<p>&nbsp;<\/p>\n<p>&nbsp;<\/p>\n<p>&nbsp;<\/p>\n<p>&nbsp;<\/p>\n<p>Desde la primera marcha #Ni una menos, que se realiz\u00f3 el 3 de junio de 2015, hasta el \u00faltimo 29 de mayo, se registraron 871 femicidios en todo el pa\u00eds, un total de 24 travesticidios y el 10% de las v\u00edctimas ten\u00eda medidas de protecci\u00f3n dictadas por la Justicia. As\u00ed lo confirmaron desde el movimiento Mujeres de la Matria Latinoamericana (MuMaL\u00e1), que adem\u00e1s agregaron que el 89% de los femicidios fueron cometidos por hombres del c\u00edrculo \u00edntimo y conocidos de la v\u00edctima, mientras que el 4% fueron perpetrados por extra\u00f1os.<\/p>\n<p>&nbsp;<\/p>\n<p>Con respeto a la edad de las v\u00edctimas, el movimiento feminista pudo determinar que el 31% ten\u00edan entre 15 y 25 a\u00f1os. &#8220;Sigue sin garantizarse el acceso a la Justicia a las mujeres que decidieron denunciar y pedir ayuda. Observamos con preocupaci\u00f3n que el 17% por ciento de las v\u00edctimas hab\u00edan realizado denuncias previas, y el 10% ten\u00eda medidas de protecci\u00f3n dictadas por la Justicia, lo que indica que estos femicidios podr\u00edan haberse evitado&#8221;, dijo Raquel Vivanco, coordinadora nacional de MuMaL\u00e1 y presidenta del Observatorio NiUnaMenos.<\/p>\n<p>&nbsp;<\/p>\n<p>Adem\u00e1s Vivanco, agreg\u00f3: &#8220;Por todo esto denunciamos la falta de pol\u00edticas p\u00fablicas que garanticen la protecci\u00f3n de las mujeres y brinden asistencia integral&#8221;. Seg\u00fan el informe dado a conocer en las \u00faltimas horas, el 63% de los femicidios se cometieron en la vivienda de la v\u00edctima, el 29% en la v\u00eda p\u00fablica, un 2% en la casa de un familiar, 3% en la vivienda del agresor, y un 3% otros lugares.<\/p>\n<p>&nbsp;<\/p>\n<p>En cuanto a la modalidad de los cr\u00edmenes, el 5% de las v\u00edctimas fueron quemadas, el 15% fueron asesinadas a golpes, el 26% con armas de fuego, el 30% con armas blancas, y el 18% por asfixia. Durante estos tres a\u00f1os, y seg\u00fan confirm\u00f3 el movimiento de datos relevados de medios gr\u00e1ficos y digitales de todo el pa\u00eds, tras los 871 femidicios, un total de 908 ni\u00f1as y ni\u00f1os quedaron sin madre.<\/p>\n","protected":false},"excerpt":{"rendered":"<p>Lo calcul\u00f3 el movimiento Mujeres de la Matria Latinoamericana (MuMaL\u00e1) desde la primera marcha, que se realiz\u00f3 el 3 de junio de 2015, hasta el \u00faltimo 29 de mayo &nbsp; &nbsp; &nbsp; &nbsp; Desde la primera marcha #Ni una menos, que se realiz\u00f3 el 3 de junio de 2015, hasta el \u00faltimo 29 de mayo, se registraron 871 femicidios en todo el pa\u00eds, un total de 24 travesticidios y el 10% de las v\u00edctimas ten\u00eda medidas de protecci\u00f3n dictadas por la Justicia. As\u00ed lo confirmaron desde el movimiento Mujeres de&#8230;<\/p>\n","protected":false},"author":3,"featured_media":28036,"comment_status":"closed","ping_status":"closed","sticky":false,"template":"","format":"standard","meta":[],"categories":[4],"tags":[],"_links":{"self":[{"href":"https:\/\/www.actualidadadiario.com\/index.php\/wp-json\/wp\/v2\/posts\/28143"}],"collection":[{"href":"https:\/\/www.actualidadadiario.com\/index.php\/wp-json\/wp\/v2\/posts"}],"about":[{"href":"https:\/\/www.actualidadadiario.com\/index.php\/wp-json\/wp\/v2\/types\/post"}],"author":[{"embeddable":true,"href":"https:\/\/www.actualidadadiario.com\/index.php\/wp-json\/wp\/v2\/users\/3"}],"replies":[{"embeddable":true,"href":"https:\/\/www.actualidadadiario.com\/index.php\/wp-json\/wp\/v2\/comments?post=28143"}],"version-history":[{"count":1,"href":"https:\/\/www.actualidadadiario.com\/index.php\/wp-json\/wp\/v2\/posts\/28143\/revisions"}],"predecessor-version":[{"id":28144,"href":"https:\/\/www.actualidadadiario.com\/index.php\/wp-json\/wp\/v2\/posts\/28143\/revisions\/28144"}],"wp:featuredmedia":[{"embeddable":true,"href":"https:\/\/www.actualidadadiario.com\/index.php\/wp-json\/wp\/v2\/media\/28036"}],"wp:attachment":[{"href":"https:\/\/www.actualidadadiario.com\/index.php\/wp-json\/wp\/v2\/media?parent=28143"}],"wp:term":[{"taxonomy":"category","embeddable":true,"href":"https:\/\/www.actualidadadiario.com\/index.php\/wp-json\/wp\/v2\/categories?post=28143"},{"taxonomy":"post_tag","embeddable":true,"href":"https:\/\/www.actualidadadiario.com\/index.php\/wp-json\/wp\/v2\/tags?post=28143"}],"curies":[{"name":"wp","href":"https:\/\/api.w.org\/{rel}","templated":true}]}}