{"id":28134,"date":"2018-06-05T10:13:47","date_gmt":"2018-06-05T13:13:47","guid":{"rendered":"https:\/\/www.actualidadadiario.com\/?p=28134"},"modified":"2018-11-06T19:44:35","modified_gmt":"2018-11-06T22:44:35","slug":"el-fmi-se-despega-y-afirma-que-el-acuerdo-crediticio-es-un-plan-de-macri","status":"publish","type":"post","link":"https:\/\/www.actualidadadiario.com\/index.php\/2018\/06\/05\/el-fmi-se-despega-y-afirma-que-el-acuerdo-crediticio-es-un-plan-de-macri\/","title":{"rendered":"El FMI se despega y afirma que &#8220;el acuerdo crediticio&#8221; es un plan de Macri"},"content":{"rendered":"<p><em><strong>Alejandro Werner, director del Departamento del Hemisferio Occidental del Fondo, asegur\u00f3 que &#8220;este ser\u00e1 un plan impulsado por las prioridades del gobierno argentino&#8221;<\/strong><\/em><\/p>\n<p>&nbsp;<\/p>\n<p>&nbsp;<\/p>\n<p>&nbsp;<\/p>\n<p>&nbsp;<\/p>\n<p>&nbsp;<\/p>\n<p>Alejandro Werner, director del Departamento del Hemisferio Occidental del Fondo Monetario Internacional, asegur\u00f3 hoy que el acuerdo crediticio con la Argentina ser\u00e1 sobre la base de un plan &#8220;impulsado por las prioridades del gobierno argentino&#8221;.<\/p>\n<p>&nbsp;<\/p>\n<p>El funcionario internacional se refiri\u00f3 as\u00ed sobre las negociaciones entre el personal t\u00e9cnico del FMI y el gobierno argentino para un auxilio financiero del organismo multilateral al plan econ\u00f3mico de la gesti\u00f3n de Mauricio Macri.<\/p>\n<p>&nbsp;<\/p>\n<p>&#8220;El personal t\u00e9cnico del FMI y las autoridades argentinas han mantenido un di\u00e1logo muy constructivo y cercano en respuesta a la solicitud de las autoridades de apoyo financiero para su plan econ\u00f3mico&#8221;, dijo Werner en Whasington.<\/p>\n<p>&nbsp;<\/p>\n<p>El funcionario del Fondo se\u00f1al\u00f3 que &#8220;las conversaciones est\u00e1n bien avanzadas&#8221; y precis\u00f3: &#8220;como hemos dicho desde el principio, este ser\u00e1 un plan impulsado por las prioridades del gobierno argentino&#8221;.<\/p>\n","protected":false},"excerpt":{"rendered":"<p>Alejandro Werner, director del Departamento del Hemisferio Occidental del Fondo, asegur\u00f3 que &#8220;este ser\u00e1 un plan impulsado por las prioridades del gobierno argentino&#8221; &nbsp; &nbsp; &nbsp; &nbsp; &nbsp; Alejandro Werner, director del Departamento del Hemisferio Occidental del Fondo Monetario Internacional, asegur\u00f3 hoy que el acuerdo crediticio con la Argentina ser\u00e1 sobre la base de un plan &#8220;impulsado por las prioridades del gobierno argentino&#8221;. &nbsp; El funcionario internacional se refiri\u00f3 as\u00ed sobre las negociaciones entre el personal t\u00e9cnico del FMI y el gobierno argentino para un auxilio financiero del organismo multilateral&#8230;<\/p>\n","protected":false},"author":3,"featured_media":28135,"comment_status":"closed","ping_status":"closed","sticky":false,"template":"","format":"standard","meta":[],"categories":[9,18],"tags":[],"_links":{"self":[{"href":"https:\/\/www.actualidadadiario.com\/index.php\/wp-json\/wp\/v2\/posts\/28134"}],"collection":[{"href":"https:\/\/www.actualidadadiario.com\/index.php\/wp-json\/wp\/v2\/posts"}],"about":[{"href":"https:\/\/www.actualidadadiario.com\/index.php\/wp-json\/wp\/v2\/types\/post"}],"author":[{"embeddable":true,"href":"https:\/\/www.actualidadadiario.com\/index.php\/wp-json\/wp\/v2\/users\/3"}],"replies":[{"embeddable":true,"href":"https:\/\/www.actualidadadiario.com\/index.php\/wp-json\/wp\/v2\/comments?post=28134"}],"version-history":[{"count":1,"href":"https:\/\/www.actualidadadiario.com\/index.php\/wp-json\/wp\/v2\/posts\/28134\/revisions"}],"predecessor-version":[{"id":28136,"href":"https:\/\/www.actualidadadiario.com\/index.php\/wp-json\/wp\/v2\/posts\/28134\/revisions\/28136"}],"wp:featuredmedia":[{"embeddable":true,"href":"https:\/\/www.actualidadadiario.com\/index.php\/wp-json\/wp\/v2\/media\/28135"}],"wp:attachment":[{"href":"https:\/\/www.actualidadadiario.com\/index.php\/wp-json\/wp\/v2\/media?parent=28134"}],"wp:term":[{"taxonomy":"category","embeddable":true,"href":"https:\/\/www.actualidadadiario.com\/index.php\/wp-json\/wp\/v2\/categories?post=28134"},{"taxonomy":"post_tag","embeddable":true,"href":"https:\/\/www.actualidadadiario.com\/index.php\/wp-json\/wp\/v2\/tags?post=28134"}],"curies":[{"name":"wp","href":"https:\/\/api.w.org\/{rel}","templated":true}]}}