{"id":28129,"date":"2018-06-05T10:12:23","date_gmt":"2018-06-05T13:12:23","guid":{"rendered":"https:\/\/www.actualidadadiario.com\/?p=28129"},"modified":"2018-11-06T19:44:35","modified_gmt":"2018-11-06T22:44:35","slug":"macri-deja-correr-una-oferta-de-vice-a-bordet-para-contaminar-al-peronismo","status":"publish","type":"post","link":"https:\/\/www.actualidadadiario.com\/index.php\/2018\/06\/05\/macri-deja-correr-una-oferta-de-vice-a-bordet-para-contaminar-al-peronismo\/","title":{"rendered":"Macri deja correr una oferta de vice a Bordet para contaminar al peronismo"},"content":{"rendered":"<p><em><strong>En el Gobierno est\u00e1n preocupados por la migraci\u00f3n de los indecisos. Passalacqua, el otro tentado<\/strong><\/em><\/p>\n<p>&nbsp;<\/p>\n<p>&nbsp;<\/p>\n<p>&nbsp;<\/p>\n<p>&nbsp;<\/p>\n<p>El Gobierno cree que ya no alcanza con partir al peronismo entre el sector de Cristina Kirchner y el de los gobernadores y para eso se propuso contaminar el crecimiento del &#8220;peronismo de centro&#8221; que tom\u00f3 volumen luego de la cumbre de Gualeguaych\u00fa, donde empez\u00f3 a consolidar su alianza con Massa.<\/p>\n<p>&nbsp;<\/p>\n<p>En la Rosada ven con preocupaci\u00f3n la migraci\u00f3n de los votantes desencantados de Cambiemos y de los indecisos al de una propuesta de &#8220;peronismo racional&#8221;, alejado de Cristina Kirchner.<\/p>\n<p>&nbsp;<\/p>\n<p>Creen que si se agranda ese espectro que hoy encarnan los gobernadores, Miguel Pichetto en el Senado y Sergio Massa, un peronista no kirchnerista podr\u00eda entrar en el ballotage el a\u00f1o que viene, con un final incierto para la segunda vuelta, teniendo en cuenta la ca\u00edda en los sondeos de la adgesi\u00f3n al Gobierno.<\/p>\n<p>&nbsp;<\/p>\n<p>En ese contexto, Mauricio Macri dej\u00f3 correr una sutil insinuaci\u00f3n a los gobernadores para completar la f\u00f3rmula con la que buscar\u00e1 su reelecci\u00f3n, aun sabiendo que para eso deber\u00e1 desplazar a Gabriela Michetti y postergar a los radicales, que piden ese cargo para sentirse parte real del Gobierno.<\/p>\n<p>&nbsp;<\/p>\n<p>En el peor momento de la crisis por la corrida del d\u00f3lar, en el Gobierno sentaron a Gustavo Bordet, de Entre R\u00edos, y a Hugo Passalacqua, de Misiones, dos de los mandatarios con mejor trato con la Rosada.<\/p>\n<p>&nbsp;<\/p>\n<p>Les pidieron que &#8220;banquen&#8221; al Gobierno en su peor pasaje desde diciembre de 2015 a cambio de no ofrecerles resistencia en las elecciones provinciales del a\u00f1o que viene. E insinuaron que alguno de los dos podr\u00eda ser candidato a vicepresidente de Macri. No fue una oferta concreta, pero todos entendieron de qu\u00e9 se estaba hablando.<\/p>\n<p>&nbsp;<\/p>\n<p>La respuesta de los gobernadores fue tajante. Por c\u00f3mo est\u00e1 el Gobierno, no aceptar\u00edan bajo ning\u00fan aspecto acompa\u00f1arlos en una f\u00f3rmula. Bordet ya decidi\u00f3 ir por la reelecci\u00f3n en Entre R\u00edos, donde crece en las encuestas y Passalacqua no quiere saber nada con ser el vice de Macri.<\/p>\n<p>&nbsp;<\/p>\n<p>&#8220;Es una chicana para complicarnos, tambi\u00e9n van a intentar que Massa rompa y arme por su lado&#8221;, afirm\u00f3 un destacado dirigente del peronismo.<\/p>\n<p>&nbsp;<\/p>\n<p>En tanto que otro importante legislador del espacio de los gobernadores, coincidi\u00f3 con la lectura y marc\u00f3 sus l\u00edmites reales: &#8220;Ir con un vice peronista implicar\u00eda una fractura definitiva con la UCR y la Coalici\u00f3n C\u00edvica. El n\u00facleo duro de Cambiemos es frontalmente antiperonista, es casi su raz\u00f3n de ser&#8221;, aunque reconoci\u00f3 que &#8220;pueden intentar algunos acuerdos en las provincias&#8221;.<\/p>\n<p>&nbsp;<\/p>\n<p>La dificultad de generar ese tipo de acuerdo electoral con el peronismo dialoguista, que acaso fue posible al inicio del mandato de Macri y Marcos Pe\u00f1a lo trab\u00f3, qued\u00f3 muy clara el viernes pasado, luego de un encuentro del presidente con el tucumano Juan Manzur.<\/p>\n<p>&nbsp;<\/p>\n<p>El gobernador le dej\u00f3 una advertencia: &#8220;Yo apoyo fuerte a Miguel Pichetto&#8221;. Su reacci\u00f3n no fue casual. La Casa Rosada presion\u00f3 como nunca a los gobernadores peronistas para que no votaran la ley de tarifas y gener\u00f3 una reacci\u00f3n que a\u00fan est\u00e1 naciendo y promete una fuerte auditor\u00eda sobre la gesti\u00f3n macrista que hasta ahora no se daba.<\/p>\n<p>&nbsp;<\/p>\n<p>Horas antes, Juan Manuel Urtubey, uno de los m\u00e1s cercanos a la Rosada, prefiri\u00f3 no compartir la conferencia de prensa de Cachi con Macri y lo dej\u00f3 sol\u00f3\u00a0 anunciando el veto a la ley de tarifas, pese a que su hermano fue el \u00fanico senador del peronismo que no vot\u00f3 esa norma. En el gobierno hablaron de una decisi\u00f3n &#8220;acordada&#8221;, pero a nadie escapa el cambio de clima entre un peronismo que buscaba pegarse a Macri y este que toma distancia.<\/p>\n","protected":false},"excerpt":{"rendered":"<p>En el Gobierno est\u00e1n preocupados por la migraci\u00f3n de los indecisos. Passalacqua, el otro tentado &nbsp; &nbsp; &nbsp; &nbsp; El Gobierno cree que ya no alcanza con partir al peronismo entre el sector de Cristina Kirchner y el de los gobernadores y para eso se propuso contaminar el crecimiento del &#8220;peronismo de centro&#8221; que tom\u00f3 volumen luego de la cumbre de Gualeguaych\u00fa, donde empez\u00f3 a consolidar su alianza con Massa. &nbsp; En la Rosada ven con preocupaci\u00f3n la migraci\u00f3n de los votantes desencantados de Cambiemos y de los indecisos al&#8230;<\/p>\n","protected":false},"author":3,"featured_media":28130,"comment_status":"closed","ping_status":"closed","sticky":false,"template":"","format":"standard","meta":[],"categories":[18],"tags":[],"_links":{"self":[{"href":"https:\/\/www.actualidadadiario.com\/index.php\/wp-json\/wp\/v2\/posts\/28129"}],"collection":[{"href":"https:\/\/www.actualidadadiario.com\/index.php\/wp-json\/wp\/v2\/posts"}],"about":[{"href":"https:\/\/www.actualidadadiario.com\/index.php\/wp-json\/wp\/v2\/types\/post"}],"author":[{"embeddable":true,"href":"https:\/\/www.actualidadadiario.com\/index.php\/wp-json\/wp\/v2\/users\/3"}],"replies":[{"embeddable":true,"href":"https:\/\/www.actualidadadiario.com\/index.php\/wp-json\/wp\/v2\/comments?post=28129"}],"version-history":[{"count":1,"href":"https:\/\/www.actualidadadiario.com\/index.php\/wp-json\/wp\/v2\/posts\/28129\/revisions"}],"predecessor-version":[{"id":28131,"href":"https:\/\/www.actualidadadiario.com\/index.php\/wp-json\/wp\/v2\/posts\/28129\/revisions\/28131"}],"wp:featuredmedia":[{"embeddable":true,"href":"https:\/\/www.actualidadadiario.com\/index.php\/wp-json\/wp\/v2\/media\/28130"}],"wp:attachment":[{"href":"https:\/\/www.actualidadadiario.com\/index.php\/wp-json\/wp\/v2\/media?parent=28129"}],"wp:term":[{"taxonomy":"category","embeddable":true,"href":"https:\/\/www.actualidadadiario.com\/index.php\/wp-json\/wp\/v2\/categories?post=28129"},{"taxonomy":"post_tag","embeddable":true,"href":"https:\/\/www.actualidadadiario.com\/index.php\/wp-json\/wp\/v2\/tags?post=28129"}],"curies":[{"name":"wp","href":"https:\/\/api.w.org\/{rel}","templated":true}]}}