{"id":28126,"date":"2018-06-05T10:11:24","date_gmt":"2018-06-05T13:11:24","guid":{"rendered":"https:\/\/www.actualidadadiario.com\/?p=28126"},"modified":"2018-11-06T19:44:35","modified_gmt":"2018-11-06T22:44:35","slug":"el-gobierno-crea-una-comision-para-revisar-regimenes-especiales-de-jubilaciones","status":"publish","type":"post","link":"https:\/\/www.actualidadadiario.com\/index.php\/2018\/06\/05\/el-gobierno-crea-una-comision-para-revisar-regimenes-especiales-de-jubilaciones\/","title":{"rendered":"El Gobierno crea una comisi\u00f3n para revisar reg\u00edmenes especiales de jubilaciones"},"content":{"rendered":"<p><em><strong>El Poder Ejecutivo justific\u00f3 esta decisi\u00f3n al se\u00f1alar que &#8216;la mayor\u00eda de las normas que establecen reg\u00edmenes diferenciales se sancionaron entre las d\u00e9cadas de los sesenta y ochenta&#8217;<\/strong><\/em><\/p>\n<p>&nbsp;<\/p>\n<p>&nbsp;<\/p>\n<p>&nbsp;<\/p>\n<p>&nbsp;<\/p>\n<p>&nbsp;<\/p>\n<p>El Gobierno nacional dispuso conformar una comisi\u00f3n para revisar reg\u00edmenes especiales de jubilaciones que permiten jubilarse con menos edad o establecen haberes diferenciados. La medida se tom\u00f3 a trav\u00e9s de una resoluci\u00f3n del Ministerio de Trabajo publicada este lunes en el Bolet\u00edn Oficial.<\/p>\n<p>&nbsp;<\/p>\n<p>&#8220;Cr\u00e9ase en el \u00e1mbito de la Secretar\u00eda de Seguridad Social, la Comisi\u00f3n T\u00e9cnica Permanente sobre Reg\u00edmenes Diferenciales, como \u00f3rgano consultivo encargado de entender, analizar y expedirse, a trav\u00e9s de dict\u00e1menes e informes debidamente fundamentados, sobre cuestiones t\u00e9cnicas relacionadas con reg\u00edmenes previsionales diferenciales&#8221;, reza el primer art\u00edculo de la resoluci\u00f3n.<\/p>\n<p>&nbsp;<\/p>\n<p>Esa Comisi\u00f3n deber\u00e1, en el t\u00e9rmino m\u00e1ximo de un a\u00f1o, &#8220;elaborar un informe sobre las actividades o tareas que merecen ser objeto de un r\u00e9gimen previsional diferencial, consignando los respectivos requisitos de edad, servicios y cotizaciones adicionales&#8221;, de acuerdo con lo dispuesto.<\/p>\n<p>&nbsp;<\/p>\n<p>Adem\u00e1s, Trabajo estableci\u00f3 que la flamante Comisi\u00f3n &#8220;ser\u00e1 asistida en su labor por un equipo t\u00e9cnico ad hoc de erg\u00f3nomos, ingenieros, m\u00e9dicos del trabajo, y afines, provisto por la Superintendencia de Riesgos del Trabajo y por un equipo t\u00e9cnico ad hoc de actuarios, dem\u00f3grafos y economistas, provisto por la ANSES&#8221;.<\/p>\n<p>&nbsp;<\/p>\n<p>Dicho cuerpo estar\u00e1 presidido por el Secretario de Seguridad Social e integrado por dos representantes titulares y un alterno de esa Secretar\u00eda, dos representantes titulares y uno alterno de la ANSES, m\u00e1s dos representantes titulares y uno alterno de la Superintendencia de Riesgos del Trabajo.<\/p>\n<p>&nbsp;<\/p>\n<p>El Poder Ejecutivo justific\u00f3 esta decisi\u00f3n al se\u00f1alar que &#8220;la mayor\u00eda de las normas que establecen reg\u00edmenes diferenciales se sancionaron entre las d\u00e9cadas de los sesenta y ochenta, por lo que tienden a proteger determinadas actividades en funci\u00f3n de las condiciones imperantes en la estructura econ\u00f3mica y del mercado de trabajo de esos tiempos&#8221;.<\/p>\n<p>&nbsp;<\/p>\n<p>Esas condiciones, &#8220;en determinados casos, han mutado, no s\u00f3lo como consecuencia del paso del tiempo sino, principalmente, por los cambios sustanciales que la tecnolog\u00eda y la ciencia introdujeron en la forma y en las condiciones de labor&#8221;, a\u00f1adi\u00f3 el texto oficial.<\/p>\n","protected":false},"excerpt":{"rendered":"<p>El Poder Ejecutivo justific\u00f3 esta decisi\u00f3n al se\u00f1alar que &#8216;la mayor\u00eda de las normas que establecen reg\u00edmenes diferenciales se sancionaron entre las d\u00e9cadas de los sesenta y ochenta&#8217; &nbsp; &nbsp; &nbsp; &nbsp; &nbsp; El Gobierno nacional dispuso conformar una comisi\u00f3n para revisar reg\u00edmenes especiales de jubilaciones que permiten jubilarse con menos edad o establecen haberes diferenciados. La medida se tom\u00f3 a trav\u00e9s de una resoluci\u00f3n del Ministerio de Trabajo publicada este lunes en el Bolet\u00edn Oficial. &nbsp; &#8220;Cr\u00e9ase en el \u00e1mbito de la Secretar\u00eda de Seguridad Social, la Comisi\u00f3n T\u00e9cnica&#8230;<\/p>\n","protected":false},"author":3,"featured_media":28127,"comment_status":"closed","ping_status":"closed","sticky":false,"template":"","format":"standard","meta":[],"categories":[18],"tags":[],"_links":{"self":[{"href":"https:\/\/www.actualidadadiario.com\/index.php\/wp-json\/wp\/v2\/posts\/28126"}],"collection":[{"href":"https:\/\/www.actualidadadiario.com\/index.php\/wp-json\/wp\/v2\/posts"}],"about":[{"href":"https:\/\/www.actualidadadiario.com\/index.php\/wp-json\/wp\/v2\/types\/post"}],"author":[{"embeddable":true,"href":"https:\/\/www.actualidadadiario.com\/index.php\/wp-json\/wp\/v2\/users\/3"}],"replies":[{"embeddable":true,"href":"https:\/\/www.actualidadadiario.com\/index.php\/wp-json\/wp\/v2\/comments?post=28126"}],"version-history":[{"count":1,"href":"https:\/\/www.actualidadadiario.com\/index.php\/wp-json\/wp\/v2\/posts\/28126\/revisions"}],"predecessor-version":[{"id":28128,"href":"https:\/\/www.actualidadadiario.com\/index.php\/wp-json\/wp\/v2\/posts\/28126\/revisions\/28128"}],"wp:featuredmedia":[{"embeddable":true,"href":"https:\/\/www.actualidadadiario.com\/index.php\/wp-json\/wp\/v2\/media\/28127"}],"wp:attachment":[{"href":"https:\/\/www.actualidadadiario.com\/index.php\/wp-json\/wp\/v2\/media?parent=28126"}],"wp:term":[{"taxonomy":"category","embeddable":true,"href":"https:\/\/www.actualidadadiario.com\/index.php\/wp-json\/wp\/v2\/categories?post=28126"},{"taxonomy":"post_tag","embeddable":true,"href":"https:\/\/www.actualidadadiario.com\/index.php\/wp-json\/wp\/v2\/tags?post=28126"}],"curies":[{"name":"wp","href":"https:\/\/api.w.org\/{rel}","templated":true}]}}