{"id":28117,"date":"2018-06-05T10:09:01","date_gmt":"2018-06-05T13:09:01","guid":{"rendered":"https:\/\/www.actualidadadiario.com\/?p=28117"},"modified":"2018-11-06T19:44:35","modified_gmt":"2018-11-06T22:44:35","slug":"esperan-6-meses-de-recesion-y-mas-inflacion-que-en-2017","status":"publish","type":"post","link":"https:\/\/www.actualidadadiario.com\/index.php\/2018\/06\/05\/esperan-6-meses-de-recesion-y-mas-inflacion-que-en-2017\/","title":{"rendered":"Esperan 6 meses de recesi\u00f3n y m\u00e1s inflaci\u00f3n que en 2017"},"content":{"rendered":"<p><em><strong>Los datos surgen del Relevamiento de Expectativas de Mercado que emiti\u00f3 el Banco Central<\/strong><\/em><\/p>\n<p>&nbsp;<\/p>\n<p>&nbsp;<\/p>\n<p>&nbsp;<\/p>\n<p>&nbsp;<\/p>\n<p>A pesar de los anuncios, o quiz\u00e1 por esos mismos, el Relevamiento de Expectativas de Mercado (REM) que emiti\u00f3 el Banco Central (BCRA) brind\u00f3 m\u00e1s malas noticias para la gesti\u00f3n de Cambiemos. Es que seg\u00fan el informe, se esperan 6 meses de recesi\u00f3n y m\u00e1s inflaci\u00f3n que la registrada el a\u00f1o pasado, siendo que \u00edndice de precios al consumidor (IPC) se ubicar\u00e1 en el 27,1% al finalizar el a\u00f1o por las tarifas y el alza del d\u00f3lar, que tendr\u00eda un nuevo incremento del 10%.<\/p>\n<p>&nbsp;<\/p>\n<p>En ese sentido, destacaron que estas cifras son consecuencia de un sobrecosto inflacionario que superar\u00e1 a los 5 puntos, con lo cual el (IPC) aventajar\u00e1 el registrado el a\u00f1o pasado, que se ubic\u00f3 en el 25%, al posicionarse en 27,1%. Estos n\u00fameros provocar\u00e1n una recesi\u00f3n de, al menos, dos trimestres, seg\u00fan el REM que emiti\u00f3 el BCRA.<\/p>\n<p>&nbsp;<\/p>\n<p>Estos datos son el resultado de una suerte de encuesta que se realiz\u00f3, entre el martes 29 y el jueves 31 de mayo, a 52 consultores, analistas y bancos, los cuales apuntaron contra el gradualismo, el cual ser\u00eda el principal responsable del aumento de la inflaci\u00f3n que hab\u00eda sido estipulada, hasta hace casi un mes, en el 22% que proyectaban hasta hace un mes.<\/p>\n<p>&nbsp;<\/p>\n<p>Es m\u00e1s, seg\u00fan la visi\u00f3n de estos especialistas, los ajustes tarifarios provocar\u00e1n una nueva corrida cambiaria, ya que los servicios est\u00e1n relacionados con la divisa norteamericana. Es por eso que estimaron que la inflaci\u00f3n n\u00facleo terminar\u00e1 en 2018 en el 25,1%, ser\u00e1 del 20,7% en los pr\u00f3ximos 12 meses y el a\u00f1o que viene estar\u00e1 en torno del 17,8%. Mientras que el IPC general ser\u00e1 casi igual o superior al 20% anual hasta que el 2019.<\/p>\n<p>&nbsp;<\/p>\n<p>En tanto, auguran un enfriamiento en la actividad como consecuencia del aumento del d\u00f3lar y la alta tasa de inter\u00e9s, la cual obligar\u00e1 a la econom\u00eda a que se achique un 1% en el presente trimestre y otro 0,4% en el pr\u00f3ximo, cerrando un 2018 con un escaso crecimiento en torno al 1,3%, destruyendo las esperanzas del Gobierno de conseguir el 2,5% que estimaban.<\/p>\n<p>&nbsp;<\/p>\n<p>Es m\u00e1s, explicaron que durante este mes el d\u00f3lar podr\u00e1 ubicarse en torno a los 25 pesos por la presi\u00f3n del Ejecutivo, pero desde el pr\u00f3ximo esperan que vuelva a subir de manera escalonada hasta los 27,4 pesos, por lo que volver\u00e1 a devaluarse el peso. Es decir, que estiman una nueva ca\u00edda del 9,6%, que terminar\u00e1 con una devaluaci\u00f3n del peso del 46% para el 2018.<\/p>\n","protected":false},"excerpt":{"rendered":"<p>Los datos surgen del Relevamiento de Expectativas de Mercado que emiti\u00f3 el Banco Central &nbsp; &nbsp; &nbsp; &nbsp; A pesar de los anuncios, o quiz\u00e1 por esos mismos, el Relevamiento de Expectativas de Mercado (REM) que emiti\u00f3 el Banco Central (BCRA) brind\u00f3 m\u00e1s malas noticias para la gesti\u00f3n de Cambiemos. Es que seg\u00fan el informe, se esperan 6 meses de recesi\u00f3n y m\u00e1s inflaci\u00f3n que la registrada el a\u00f1o pasado, siendo que \u00edndice de precios al consumidor (IPC) se ubicar\u00e1 en el 27,1% al finalizar el a\u00f1o por las tarifas&#8230;<\/p>\n","protected":false},"author":3,"featured_media":28118,"comment_status":"closed","ping_status":"closed","sticky":false,"template":"","format":"standard","meta":[],"categories":[9,2],"tags":[],"_links":{"self":[{"href":"https:\/\/www.actualidadadiario.com\/index.php\/wp-json\/wp\/v2\/posts\/28117"}],"collection":[{"href":"https:\/\/www.actualidadadiario.com\/index.php\/wp-json\/wp\/v2\/posts"}],"about":[{"href":"https:\/\/www.actualidadadiario.com\/index.php\/wp-json\/wp\/v2\/types\/post"}],"author":[{"embeddable":true,"href":"https:\/\/www.actualidadadiario.com\/index.php\/wp-json\/wp\/v2\/users\/3"}],"replies":[{"embeddable":true,"href":"https:\/\/www.actualidadadiario.com\/index.php\/wp-json\/wp\/v2\/comments?post=28117"}],"version-history":[{"count":1,"href":"https:\/\/www.actualidadadiario.com\/index.php\/wp-json\/wp\/v2\/posts\/28117\/revisions"}],"predecessor-version":[{"id":28119,"href":"https:\/\/www.actualidadadiario.com\/index.php\/wp-json\/wp\/v2\/posts\/28117\/revisions\/28119"}],"wp:featuredmedia":[{"embeddable":true,"href":"https:\/\/www.actualidadadiario.com\/index.php\/wp-json\/wp\/v2\/media\/28118"}],"wp:attachment":[{"href":"https:\/\/www.actualidadadiario.com\/index.php\/wp-json\/wp\/v2\/media?parent=28117"}],"wp:term":[{"taxonomy":"category","embeddable":true,"href":"https:\/\/www.actualidadadiario.com\/index.php\/wp-json\/wp\/v2\/categories?post=28117"},{"taxonomy":"post_tag","embeddable":true,"href":"https:\/\/www.actualidadadiario.com\/index.php\/wp-json\/wp\/v2\/tags?post=28117"}],"curies":[{"name":"wp","href":"https:\/\/api.w.org\/{rel}","templated":true}]}}