{"id":28108,"date":"2018-06-05T10:06:20","date_gmt":"2018-06-05T13:06:20","guid":{"rendered":"https:\/\/www.actualidadadiario.com\/?p=28108"},"modified":"2018-11-06T19:44:35","modified_gmt":"2018-11-06T22:44:35","slug":"reclamo-por-aborto-legal-en-niunamenos","status":"publish","type":"post","link":"https:\/\/www.actualidadadiario.com\/index.php\/2018\/06\/05\/reclamo-por-aborto-legal-en-niunamenos\/","title":{"rendered":"Reclamo por aborto legal en #NiUnaMenos"},"content":{"rendered":"<p><em><strong>&#8220;Sin aborto legal y seguro no hay Ni Una Menos fue el lema y la conclusi\u00f3n de esta movilizaci\u00f3n contra la violencia de g\u00e9nero<\/strong><\/em><\/p>\n<p>&nbsp;<\/p>\n<p>&nbsp;<\/p>\n<p>&nbsp;<\/p>\n<p>Miles de mujeres participaron este lunes de la cuarta edici\u00f3n nacional de la marcha #Ni Una Menos contra la violencia de g\u00e9nero cuyo principal reclamo fue por la aprobaci\u00f3n del proyecto de despenalizaci\u00f3n del aborto.<\/p>\n<p>&nbsp;<\/p>\n<p>Adem\u00e1s, durante la concentraci\u00f3n que parti\u00f3 pasadas las 17:30 de este lunes desde Plaza de Mayo hacia el Congreso de la Naci\u00f3n, diferentes agrupaciones sociales, pol\u00edticas y gremiales y personas autoconvocadas se manifestaron contra la violencia patriarcal, la violencia del Estado, y le dijeron &#8220;No al ajuste&#8221; y &#8220;No al FMI&#8221;.<\/p>\n<p>&nbsp;<\/p>\n<p>La cuarta edici\u00f3n de la marcha se replic\u00f3 de manera masiva en diferentes plazas y avenidas de las principales ciudades del pa\u00eds.<\/p>\n","protected":false},"excerpt":{"rendered":"<p>&#8220;Sin aborto legal y seguro no hay Ni Una Menos fue el lema y la conclusi\u00f3n de esta movilizaci\u00f3n contra la violencia de g\u00e9nero &nbsp; &nbsp; &nbsp; Miles de mujeres participaron este lunes de la cuarta edici\u00f3n nacional de la marcha #Ni Una Menos contra la violencia de g\u00e9nero cuyo principal reclamo fue por la aprobaci\u00f3n del proyecto de despenalizaci\u00f3n del aborto. &nbsp; Adem\u00e1s, durante la concentraci\u00f3n que parti\u00f3 pasadas las 17:30 de este lunes desde Plaza de Mayo hacia el Congreso de la Naci\u00f3n, diferentes agrupaciones sociales, pol\u00edticas y&#8230;<\/p>\n","protected":false},"author":3,"featured_media":28109,"comment_status":"closed","ping_status":"closed","sticky":false,"template":"","format":"standard","meta":[],"categories":[2],"tags":[],"_links":{"self":[{"href":"https:\/\/www.actualidadadiario.com\/index.php\/wp-json\/wp\/v2\/posts\/28108"}],"collection":[{"href":"https:\/\/www.actualidadadiario.com\/index.php\/wp-json\/wp\/v2\/posts"}],"about":[{"href":"https:\/\/www.actualidadadiario.com\/index.php\/wp-json\/wp\/v2\/types\/post"}],"author":[{"embeddable":true,"href":"https:\/\/www.actualidadadiario.com\/index.php\/wp-json\/wp\/v2\/users\/3"}],"replies":[{"embeddable":true,"href":"https:\/\/www.actualidadadiario.com\/index.php\/wp-json\/wp\/v2\/comments?post=28108"}],"version-history":[{"count":1,"href":"https:\/\/www.actualidadadiario.com\/index.php\/wp-json\/wp\/v2\/posts\/28108\/revisions"}],"predecessor-version":[{"id":28110,"href":"https:\/\/www.actualidadadiario.com\/index.php\/wp-json\/wp\/v2\/posts\/28108\/revisions\/28110"}],"wp:featuredmedia":[{"embeddable":true,"href":"https:\/\/www.actualidadadiario.com\/index.php\/wp-json\/wp\/v2\/media\/28109"}],"wp:attachment":[{"href":"https:\/\/www.actualidadadiario.com\/index.php\/wp-json\/wp\/v2\/media?parent=28108"}],"wp:term":[{"taxonomy":"category","embeddable":true,"href":"https:\/\/www.actualidadadiario.com\/index.php\/wp-json\/wp\/v2\/categories?post=28108"},{"taxonomy":"post_tag","embeddable":true,"href":"https:\/\/www.actualidadadiario.com\/index.php\/wp-json\/wp\/v2\/tags?post=28108"}],"curies":[{"name":"wp","href":"https:\/\/api.w.org\/{rel}","templated":true}]}}