{"id":28099,"date":"2018-06-05T10:03:56","date_gmt":"2018-06-05T13:03:56","guid":{"rendered":"https:\/\/www.actualidadadiario.com\/?p=28099"},"modified":"2018-11-06T19:44:39","modified_gmt":"2018-11-06T22:44:39","slug":"el-hospital-escuela-de-parana-reclamo-por-la-inminente-caida-de-programas-laborales-por-parte-de-nacion","status":"publish","type":"post","link":"https:\/\/www.actualidadadiario.com\/index.php\/2018\/06\/05\/el-hospital-escuela-de-parana-reclamo-por-la-inminente-caida-de-programas-laborales-por-parte-de-nacion\/","title":{"rendered":"El Hospital Escuela de Paran\u00e1 reclam\u00f3 por la inminente ca\u00edda de programas laborales por parte de Naci\u00f3n"},"content":{"rendered":"<p><em><strong>Fue mediante una radio abierta instalada frente al Hospital. Los Programas de Entrenamiento Laboral (PEL) no se renovar\u00edan para los 37 usuarios que son beneficiarios actualmente en los distintos emprendimientos laborales en la instituci\u00f3n de Paran\u00e1. S\u00f3lo seguir\u00edan existiendo para \u201cnuevos\u201d emprendedores, pero no ya para quienes vienen siendo parte de estos programas, algunos, hace m\u00e1s de 10 a\u00f1os<\/strong><\/em><\/p>\n<p>&nbsp;<\/p>\n<p>&nbsp;<\/p>\n<p>&nbsp;<\/p>\n<p>&nbsp;<\/p>\n<p>&nbsp;<\/p>\n<p>Ante la no renovaci\u00f3n de los Programas de Entrenamiento Laboral (PEL) por parte de Naci\u00f3n, se realiz\u00f3 este lunes una actividad de visibilizaci\u00f3n que const\u00f3 de una radio abierta frente al Hospital Escuela de Paran\u00e1 para informar y denunciar c\u00f3mo afectar\u00eda esta situaci\u00f3n a los emprendedores y los proyectos.<\/p>\n<p>&nbsp;<\/p>\n<p>Abri\u00f3 el micr\u00f3fono la licenciada Natalia Yujnovsky, representando al \u00c1rea Laboral, espacio desde d\u00f3nde se vienen centralizando todas las gestiones institucionales que posibilitan la permanencia de estos programas.<\/p>\n<p>&nbsp;<\/p>\n<p>Le siguieron las voces de los usuarios y coordinadores de los emprendimientos que son beneficiarios de los PEL: Buffet Cultural \u201cEl entrevero\u201d, \u201cMicroemprendimientos Vital\u201d \u2013Arte en papel-, \u201cComo en casa\u201d \u2013espacio de Cocina-, Huerta \u201cLa Productiva\u201d y el espacio de radio \u201cLa Bisagra\u201d. Adem\u00e1s representantes del Equipo de Salas de Internaci\u00f3n se acercaron para relatar la importancia que tienen estos programas en los procesos de externaci\u00f3n de los usuarios de ese dispositivo.<\/p>\n<p>&nbsp;<\/p>\n<p>Por \u00faltimo Martin Cabrera \u2013como representante del \u00d3rgano de Revisi\u00f3n Provincial- y Mauro Gieco \u2013representante de la Direcci\u00f3n del Hospital- tomaron la palabra para manifestar su preocupaci\u00f3n ante este contexto y expresar su apoyo.<\/p>\n<p>&nbsp;<\/p>\n<p>El Secretario T\u00e9cnico afirm\u00f3 que vienen acompa\u00f1ando en todas las acciones de gesti\u00f3n institucional ya que conocen el potencial que tienen estos programas para el sostenimiento de los emprendimientos laborales.<\/p>\n<p>&nbsp;<\/p>\n<p>Seg\u00fan se inform\u00f3 desde el HESM a esta Agencia, los PEL posibilitan que los usuarios financien gran parte de los gastos de su vida cotidiana: comida, alquileres, transportes, servicios. Es decir, hacen un gran aporte para el sostenimiento de una vida digna.<\/p>\n<p>&nbsp;<\/p>\n<p>Actualmente no existen otros modos de dar respuestas a la problem\u00e1tica de falta de empleo que tienen los ciudadanos con padecimientos subjetivos. Muchos de ellos se han visto marginados de la posibilidad de tener un empleo toda su vida. Hoy creemos que esta situaci\u00f3n es grave no s\u00f3lo porque significa retroceder en materia laboral sino que adem\u00e1s refuerza la idea que asocia a la Salud Mental con la incapacidad, la pobreza y la destituci\u00f3n de sus derechos ciudadanos en general.<\/p>\n","protected":false},"excerpt":{"rendered":"<p>Fue mediante una radio abierta instalada frente al Hospital. Los Programas de Entrenamiento Laboral (PEL) no se renovar\u00edan para los 37 usuarios que son beneficiarios actualmente en los distintos emprendimientos laborales en la instituci\u00f3n de Paran\u00e1. S\u00f3lo seguir\u00edan existiendo para \u201cnuevos\u201d emprendedores, pero no ya para quienes vienen siendo parte de estos programas, algunos, hace m\u00e1s de 10 a\u00f1os &nbsp; &nbsp; &nbsp; &nbsp; &nbsp; Ante la no renovaci\u00f3n de los Programas de Entrenamiento Laboral (PEL) por parte de Naci\u00f3n, se realiz\u00f3 este lunes una actividad de visibilizaci\u00f3n que const\u00f3 de&#8230;<\/p>\n","protected":false},"author":3,"featured_media":28100,"comment_status":"closed","ping_status":"closed","sticky":false,"template":"","format":"standard","meta":[],"categories":[15],"tags":[],"_links":{"self":[{"href":"https:\/\/www.actualidadadiario.com\/index.php\/wp-json\/wp\/v2\/posts\/28099"}],"collection":[{"href":"https:\/\/www.actualidadadiario.com\/index.php\/wp-json\/wp\/v2\/posts"}],"about":[{"href":"https:\/\/www.actualidadadiario.com\/index.php\/wp-json\/wp\/v2\/types\/post"}],"author":[{"embeddable":true,"href":"https:\/\/www.actualidadadiario.com\/index.php\/wp-json\/wp\/v2\/users\/3"}],"replies":[{"embeddable":true,"href":"https:\/\/www.actualidadadiario.com\/index.php\/wp-json\/wp\/v2\/comments?post=28099"}],"version-history":[{"count":1,"href":"https:\/\/www.actualidadadiario.com\/index.php\/wp-json\/wp\/v2\/posts\/28099\/revisions"}],"predecessor-version":[{"id":28101,"href":"https:\/\/www.actualidadadiario.com\/index.php\/wp-json\/wp\/v2\/posts\/28099\/revisions\/28101"}],"wp:featuredmedia":[{"embeddable":true,"href":"https:\/\/www.actualidadadiario.com\/index.php\/wp-json\/wp\/v2\/media\/28100"}],"wp:attachment":[{"href":"https:\/\/www.actualidadadiario.com\/index.php\/wp-json\/wp\/v2\/media?parent=28099"}],"wp:term":[{"taxonomy":"category","embeddable":true,"href":"https:\/\/www.actualidadadiario.com\/index.php\/wp-json\/wp\/v2\/categories?post=28099"},{"taxonomy":"post_tag","embeddable":true,"href":"https:\/\/www.actualidadadiario.com\/index.php\/wp-json\/wp\/v2\/tags?post=28099"}],"curies":[{"name":"wp","href":"https:\/\/api.w.org\/{rel}","templated":true}]}}