{"id":28096,"date":"2018-06-05T10:03:10","date_gmt":"2018-06-05T13:03:10","guid":{"rendered":"https:\/\/www.actualidadadiario.com\/?p=28096"},"modified":"2018-11-06T19:44:39","modified_gmt":"2018-11-06T22:44:39","slug":"el-juez-rios-ordeno-la-detencion-de-concejal-y-funcionaria-de-cambiemos","status":"publish","type":"post","link":"https:\/\/www.actualidadadiario.com\/index.php\/2018\/06\/05\/el-juez-rios-ordeno-la-detencion-de-concejal-y-funcionaria-de-cambiemos\/","title":{"rendered":"El juez R\u00edos orden\u00f3 la detenci\u00f3n de concejal y funcionaria de Cambiemos"},"content":{"rendered":"<p><em><strong>El concejal de Cambiemos, Pablo Hern\u00e1ndez y la funcionaria de la gesti\u00f3n Varisco, Griselda Bordeira quedaron detenidos pasado el mediod\u00eda de este lunes, tras las declaraciones indagatorias tomadas en la causa que investiga los v\u00ednculos de la gesti\u00f3n municipal con el narcotr\u00e1fico<\/strong><\/em><\/p>\n<p>&nbsp;<\/p>\n<p>&nbsp;<\/p>\n<p>&nbsp;<\/p>\n<p>&nbsp;<\/p>\n<p>&nbsp;<\/p>\n<p>El juez federal Leandro R\u00edos orden\u00f3 la detenci\u00f3n del concejal paranaense Pablo Hern\u00e1ndez (Cambiemos) y de la subsecretaria de Seguridad municipal, Griselda Bordeira, en el marco de la causa en la que est\u00e1 imputado junto al intendente de Paran\u00e1, Sergio Varisco, por los presuntos v\u00ednculos entre el gobierno local y la banda de narcotraficantes comandada por Daniel \u201cTavi\u201d Celis.<\/p>\n<p>&nbsp;<\/p>\n<p>Un m\u00f3vil del Servicio Penitenciario de Entre R\u00edos ingres\u00f3 pocos minutos antes de las 14 al edificio de la Justicia Federal de calle 25 de Mayo para proceder al traslado de Hern\u00e1ndez y Bordeira, seg\u00fan registr\u00f3 An\u00e1lisis Digital. Este lunes temprano fue indagado el presidente municipal, despu\u00e9s fue el turno de Hern\u00e1ndez y en tercer lugar hizo lo propio Bordeira, tras lo cual se ordenaron las detenciones. Ambos son sindicados como nexos entre el municipio y la banda narco.<\/p>\n<p>&nbsp;<\/p>\n<p>Hern\u00e1ndez, quien ingres\u00f3 pasadas las 9 al edificio de la Justicia Federal, fue indagado luego de que hiciera lo propio el intendente de Paran\u00e1. En el expediente aparece mencionado en escuchas telef\u00f3nicas y su nombre figura en anotaciones obtenidas en distintos allanamientos realizados en las \u00faltimas semanas.<\/p>\n<p>&nbsp;<\/p>\n<p>El juez R\u00edos considera que hay elementos suficientes para se\u00f1alarlo por su presunto rol de nexo entre el gobierno municipal y el narco Celis, preso en la unidad penal de Federal.<\/p>\n<p>&nbsp;<\/p>\n<p>Luego fue el turno de Bordeira, cuya orden de detenci\u00f3n se conoci\u00f3 al t\u00e9rmino de su declaraci\u00f3n indagatoria, alrededor de las 14.30. La funcionaria, que es suboficial de la Polic\u00eda de Entre R\u00edos, tambi\u00e9n es sindicada como v\u00ednculo entre el municipio y la banda narco, en virtud de aparecer mencionada en escuchas telef\u00f3nicas y por figurar su nombre en anotaciones y otros elementos.<\/p>\n<p>&nbsp;<\/p>\n<p>Para este martes, en tanto, est\u00e1n programadas las declaraciones indagatorias de la mujer de Celis, Luciana Lemos, y de Eduardo Humberto Celis, Nahuel Jonatan Eduardo Celis, Wilber Figueroa Lagos, Juan Manuel G\u00f3mez y Jonathan Heintz.<\/p>\n","protected":false},"excerpt":{"rendered":"<p>El concejal de Cambiemos, Pablo Hern\u00e1ndez y la funcionaria de la gesti\u00f3n Varisco, Griselda Bordeira quedaron detenidos pasado el mediod\u00eda de este lunes, tras las declaraciones indagatorias tomadas en la causa que investiga los v\u00ednculos de la gesti\u00f3n municipal con el narcotr\u00e1fico &nbsp; &nbsp; &nbsp; &nbsp; &nbsp; El juez federal Leandro R\u00edos orden\u00f3 la detenci\u00f3n del concejal paranaense Pablo Hern\u00e1ndez (Cambiemos) y de la subsecretaria de Seguridad municipal, Griselda Bordeira, en el marco de la causa en la que est\u00e1 imputado junto al intendente de Paran\u00e1, Sergio Varisco, por los&#8230;<\/p>\n","protected":false},"author":3,"featured_media":28097,"comment_status":"closed","ping_status":"closed","sticky":false,"template":"","format":"standard","meta":[],"categories":[15],"tags":[],"_links":{"self":[{"href":"https:\/\/www.actualidadadiario.com\/index.php\/wp-json\/wp\/v2\/posts\/28096"}],"collection":[{"href":"https:\/\/www.actualidadadiario.com\/index.php\/wp-json\/wp\/v2\/posts"}],"about":[{"href":"https:\/\/www.actualidadadiario.com\/index.php\/wp-json\/wp\/v2\/types\/post"}],"author":[{"embeddable":true,"href":"https:\/\/www.actualidadadiario.com\/index.php\/wp-json\/wp\/v2\/users\/3"}],"replies":[{"embeddable":true,"href":"https:\/\/www.actualidadadiario.com\/index.php\/wp-json\/wp\/v2\/comments?post=28096"}],"version-history":[{"count":1,"href":"https:\/\/www.actualidadadiario.com\/index.php\/wp-json\/wp\/v2\/posts\/28096\/revisions"}],"predecessor-version":[{"id":28098,"href":"https:\/\/www.actualidadadiario.com\/index.php\/wp-json\/wp\/v2\/posts\/28096\/revisions\/28098"}],"wp:featuredmedia":[{"embeddable":true,"href":"https:\/\/www.actualidadadiario.com\/index.php\/wp-json\/wp\/v2\/media\/28097"}],"wp:attachment":[{"href":"https:\/\/www.actualidadadiario.com\/index.php\/wp-json\/wp\/v2\/media?parent=28096"}],"wp:term":[{"taxonomy":"category","embeddable":true,"href":"https:\/\/www.actualidadadiario.com\/index.php\/wp-json\/wp\/v2\/categories?post=28096"},{"taxonomy":"post_tag","embeddable":true,"href":"https:\/\/www.actualidadadiario.com\/index.php\/wp-json\/wp\/v2\/tags?post=28096"}],"curies":[{"name":"wp","href":"https:\/\/api.w.org\/{rel}","templated":true}]}}