{"id":28093,"date":"2018-06-05T10:01:31","date_gmt":"2018-06-05T13:01:31","guid":{"rendered":"https:\/\/www.actualidadadiario.com\/?p=28093"},"modified":"2018-11-06T19:44:39","modified_gmt":"2018-11-06T22:44:39","slug":"declaro-varisco-no-formo-parte-de-ninguna-banda","status":"publish","type":"post","link":"https:\/\/www.actualidadadiario.com\/index.php\/2018\/06\/05\/declaro-varisco-no-formo-parte-de-ninguna-banda\/","title":{"rendered":"Declar\u00f3 Varisco: \u201cNo formo parte de ninguna banda\u201d"},"content":{"rendered":"<p><em><strong>Tras declarar ante el juez federal Leandro R\u00edos durante dos horas, el Intendente de Paran\u00e1 dijo que respondi\u00f3 todas las preguntas y que est\u00e1 a disposici\u00f3n de la Justicia: \u201cNo formo parte de ninguna banda, no tengo nada que ocultar\u201d, asegur\u00f3 \u00b7 El Juez tiene 10 d\u00edas h\u00e1biles para definir la situaci\u00f3n procesal de Varisco<\/strong><\/em><\/p>\n<p>&nbsp;<\/p>\n<p>&nbsp;<\/p>\n<p>&nbsp;<\/p>\n<p>&nbsp;<\/p>\n<p>&nbsp;<\/p>\n<p>&nbsp;<\/p>\n<p>Durante aproximadamente dos horas, el intendente Sergio Varisco declar\u00f3 ante el juez Federal Leandro R\u00edos. Al salir habl\u00f3 con la prensa y sostuvo: \u201cVine a declarar como corresponde y respond\u00ed todas las preguntas\u201d.<\/p>\n<p>&nbsp;<\/p>\n<p>\u201cNo tengo nada que ocultar y estoy a disposici\u00f3n de la Justicia\u201d, asever\u00f3.<\/p>\n<p>&nbsp;<\/p>\n<p>Sobre los nuevos allanamientos que la Polic\u00eda Federal realiz\u00f3 mientras \u00e9l declaraba, se\u00f1al\u00f3 a esta Agencia: \u201cSon disposiciones judiciales, no soy yo el que tiene que responder eso. No tenemos nada para ocultar\u201d.<\/p>\n<p>&nbsp;<\/p>\n<p>Por su parte, uno de sus abogados defensores, Miguel \u00c1ngel Cullen, remarc\u00f3 que su defendido \u201cse someti\u00f3 a todas las preguntas del Juez y del Fiscal\u201d.<\/p>\n<p>&nbsp;<\/p>\n<p>Se mostr\u00f3 \u201csorprendido\u201d por los nuevos allanamientos, pero aclar\u00f3 que \u201clas puertas del Municipio est\u00e1n abiertas y no hay nada que ocultar\u201d.<\/p>\n<p>&nbsp;<\/p>\n<p>\u201cVamos a aportar todos los datos para demostrar que \u00e9l ni sus funcionarios tienen nada que ver con el narcotr\u00e1fico\u201d, sostuvo luego.<\/p>\n<p>&nbsp;<\/p>\n<p>Otro de sus abogados, Rub\u00e9n Pagliotto, dijo que se habl\u00f3 de una agenda que se secuestr\u00f3 en uno de los allanamientos: \u201cLo que muestra la agenda no se condice con la realidad. Va a haber una sorpresa, creo que los medios y la justicia se han equivocado\u201d.<\/p>\n<p>&nbsp;<\/p>\n<p>Con respecto a los plazos, el letrado manifest\u00f3 que \u201cel Juez tiene 10 d\u00edas h\u00e1biles para resolver su situaci\u00f3n procesal: se lo proceso, se lo sobresee o se le dicta la\u00a0 falta de m\u00e9rito\u201d.<\/p>\n<p>&nbsp;<\/p>\n<p>En el caso de ser procesado, \u201cno necesariamente\u201d debe quedar detenido: \u201cSi hubiese habido elementos para detenerlo, hubiese quedado detenido\u201d, acot\u00f3.<\/p>\n<p>&nbsp;<\/p>\n<p>\u201cNo obstante, todos los viernes debe venir a firmar el libro de partes y, en caso de ausentarse m\u00e1s de 72 horas de la provincia -por sus funciones- tiene que avisar\u201d, indic\u00f3 Pagliotto.<\/p>\n","protected":false},"excerpt":{"rendered":"<p>Tras declarar ante el juez federal Leandro R\u00edos durante dos horas, el Intendente de Paran\u00e1 dijo que respondi\u00f3 todas las preguntas y que est\u00e1 a disposici\u00f3n de la Justicia: \u201cNo formo parte de ninguna banda, no tengo nada que ocultar\u201d, asegur\u00f3 \u00b7 El Juez tiene 10 d\u00edas h\u00e1biles para definir la situaci\u00f3n procesal de Varisco &nbsp; &nbsp; &nbsp; &nbsp; &nbsp; &nbsp; Durante aproximadamente dos horas, el intendente Sergio Varisco declar\u00f3 ante el juez Federal Leandro R\u00edos. Al salir habl\u00f3 con la prensa y sostuvo: \u201cVine a declarar como corresponde y&#8230;<\/p>\n","protected":false},"author":3,"featured_media":28094,"comment_status":"closed","ping_status":"closed","sticky":false,"template":"","format":"standard","meta":[],"categories":[9,15],"tags":[],"_links":{"self":[{"href":"https:\/\/www.actualidadadiario.com\/index.php\/wp-json\/wp\/v2\/posts\/28093"}],"collection":[{"href":"https:\/\/www.actualidadadiario.com\/index.php\/wp-json\/wp\/v2\/posts"}],"about":[{"href":"https:\/\/www.actualidadadiario.com\/index.php\/wp-json\/wp\/v2\/types\/post"}],"author":[{"embeddable":true,"href":"https:\/\/www.actualidadadiario.com\/index.php\/wp-json\/wp\/v2\/users\/3"}],"replies":[{"embeddable":true,"href":"https:\/\/www.actualidadadiario.com\/index.php\/wp-json\/wp\/v2\/comments?post=28093"}],"version-history":[{"count":1,"href":"https:\/\/www.actualidadadiario.com\/index.php\/wp-json\/wp\/v2\/posts\/28093\/revisions"}],"predecessor-version":[{"id":28095,"href":"https:\/\/www.actualidadadiario.com\/index.php\/wp-json\/wp\/v2\/posts\/28093\/revisions\/28095"}],"wp:featuredmedia":[{"embeddable":true,"href":"https:\/\/www.actualidadadiario.com\/index.php\/wp-json\/wp\/v2\/media\/28094"}],"wp:attachment":[{"href":"https:\/\/www.actualidadadiario.com\/index.php\/wp-json\/wp\/v2\/media?parent=28093"}],"wp:term":[{"taxonomy":"category","embeddable":true,"href":"https:\/\/www.actualidadadiario.com\/index.php\/wp-json\/wp\/v2\/categories?post=28093"},{"taxonomy":"post_tag","embeddable":true,"href":"https:\/\/www.actualidadadiario.com\/index.php\/wp-json\/wp\/v2\/tags?post=28093"}],"curies":[{"name":"wp","href":"https:\/\/api.w.org\/{rel}","templated":true}]}}