{"id":28090,"date":"2018-06-05T10:00:48","date_gmt":"2018-06-05T13:00:48","guid":{"rendered":"https:\/\/www.actualidadadiario.com\/?p=28090"},"modified":"2018-11-06T19:44:39","modified_gmt":"2018-11-06T22:44:39","slug":"urribarri-impulsa-una-ley-para-proteger-la-produccion-porcina-entrerriana","status":"publish","type":"post","link":"https:\/\/www.actualidadadiario.com\/index.php\/2018\/06\/05\/urribarri-impulsa-una-ley-para-proteger-la-produccion-porcina-entrerriana\/","title":{"rendered":"Urribarri impulsa una ley para proteger la producci\u00f3n porcina entrerriana"},"content":{"rendered":"<p><em><strong>El presidente de la C\u00e1mara de Diputados de la Provincia, Sergio Urribarri, present\u00f3 una iniciativa legislativa que pretende resguardar las condiciones sanitarias de la producci\u00f3n porcina y su comercializaci\u00f3n, evitando la introducci\u00f3n y propagaci\u00f3n de enfermedades ex\u00f3ticas en Entre R\u00edos<\/strong><\/em><\/p>\n<p>&nbsp;<\/p>\n<p>&nbsp;<\/p>\n<p>&nbsp;<\/p>\n<p>&nbsp;<\/p>\n<p>&nbsp;<\/p>\n<p>Del mismo modo, el proyecto contempla la prohibici\u00f3n del ingreso a la provincia \u201cde productos, subproductos y derivados c\u00e1rnicos porcinos provenientes de pa\u00edses no libres de S\u00edndrome Respiratorio Reproductivo Porcino (PRRS)\u201d.<\/p>\n<p>&nbsp;<\/p>\n<p>De esta manera, el proyecto de ley atiende una demanda y una necesidad del sector que atraviesa un dif\u00edcil momento debido a las pol\u00edticas de importaci\u00f3n que viene aplicando el Gobierno Nacional. A este respecto se refiri\u00f3 Alejandro Di Palma, miembro de la Asociaci\u00f3n Argentina de Productores Porcinos, quien mantuvo un encuentro con Urribarri en el marco del proyecto que \u00e9ste impulsa.<\/p>\n<p>&nbsp;<\/p>\n<p>\u201cCelebro que haya dirigentes como Urribarri que demuestran real inter\u00e9s por la producci\u00f3n y por el cuidado de los productores, principalmente ante un Estado Nacional que nos solt\u00f3 la mano, abri\u00f3 las fronteras y llueven productos de todo tipo\u201d, dijo Di Palma. Destac\u00f3 la iniciativa explicando c\u00f3mo el ingreso de carne provenientes de otros pa\u00edses conlleva la posibilidad de futuras infecciones que ponen en riesgo la sanidad y consecuentemente la productividad. \u201cArgentina es uno de los pocos pa\u00edses que no tienen el S\u00edndrome Respiratorio Reproductivo Porcino\u201d, se\u00f1al\u00f3. Asimismo, sostuvo que el proyecto \u201cservir\u00e1 para advertir y concientizar a dirigentes y ciudadanos sobre la crisis y la apocal\u00edptica situaci\u00f3n que atraviesa el sector a partir de la falta de visi\u00f3n sobre la producci\u00f3n que demuestra el Gobierno Nacional\u201d.<\/p>\n<p>&nbsp;<\/p>\n<p>Urribarri, por su lado, expres\u00f3 que \u201cvamos a acompa\u00f1ar y apoyar a la producci\u00f3n entrerriana como lo hemos hecho siempre, m\u00e1s a\u00fan en estas circunstancias tan complejas que viven los productores y trabajadores de nuestro pa\u00eds con la apertura indiscriminada de importaciones, los tarifazos y la especulaci\u00f3n financiera\u201d. Y agreg\u00f3: \u201cdesde nuestro lugar vamos a continuar generando herramientas institucionales que lleven tranquilidad y seguridad al sector productivo porque su desarrollo representa el presente y el futuro de Entre R\u00edos\u201d.<\/p>\n<p>&nbsp;<\/p>\n<p>&nbsp;<\/p>\n<p><strong>Fundamentos del proyecto de ley<\/strong><\/p>\n<p>Dentro de los fundamentos del proyecto de ley se se\u00f1ala que el PRRS \u201ces una enfermedad de origen viral que afecta a los cerdos, causando importantes p\u00e9rdidas de producci\u00f3n y comercializaci\u00f3n, y por ende tambi\u00e9n a las exportaciones\u201d, y seg\u00fan el Senasa constituye una \u201cenfermedad considerada ex\u00f3tica, ya que nunca fue detectada ni diagnosticada la presencia de la enfermedad o su agente causal en nuestro pa\u00eds\u201d.<\/p>\n<p>&nbsp;<\/p>\n<p>En este sentido, se apunta tambi\u00e9n que \u201cel ingreso de productos porcinos con condiciones sanitarias inferiores a las requeridas en la actualidad, comprometer\u00eda las condiciones sanitarias de la producci\u00f3n del territorio entrerriano y los futuros mercados para la misma. Los antecedentes de los brotes ya ocurridos en algunos pa\u00edses, muestran que la ca\u00edda en la producci\u00f3n porcina a partir de este S\u00edndrome Respiratorio y Reproductivo Porcino puede producir da\u00f1os dr\u00e1sticos en los productores, al punto de provocar p\u00e9rdidas de hasta el 50 por ciento del kilaje que comercializan anualmente, adem\u00e1s de los costos en tratar de controlar la enfermedad\u201d.<\/p>\n","protected":false},"excerpt":{"rendered":"<p>El presidente de la C\u00e1mara de Diputados de la Provincia, Sergio Urribarri, present\u00f3 una iniciativa legislativa que pretende resguardar las condiciones sanitarias de la producci\u00f3n porcina y su comercializaci\u00f3n, evitando la introducci\u00f3n y propagaci\u00f3n de enfermedades ex\u00f3ticas en Entre R\u00edos &nbsp; &nbsp; &nbsp; &nbsp; &nbsp; Del mismo modo, el proyecto contempla la prohibici\u00f3n del ingreso a la provincia \u201cde productos, subproductos y derivados c\u00e1rnicos porcinos provenientes de pa\u00edses no libres de S\u00edndrome Respiratorio Reproductivo Porcino (PRRS)\u201d. &nbsp; De esta manera, el proyecto de ley atiende una demanda y una necesidad&#8230;<\/p>\n","protected":false},"author":3,"featured_media":28091,"comment_status":"closed","ping_status":"closed","sticky":false,"template":"","format":"standard","meta":[],"categories":[15],"tags":[],"_links":{"self":[{"href":"https:\/\/www.actualidadadiario.com\/index.php\/wp-json\/wp\/v2\/posts\/28090"}],"collection":[{"href":"https:\/\/www.actualidadadiario.com\/index.php\/wp-json\/wp\/v2\/posts"}],"about":[{"href":"https:\/\/www.actualidadadiario.com\/index.php\/wp-json\/wp\/v2\/types\/post"}],"author":[{"embeddable":true,"href":"https:\/\/www.actualidadadiario.com\/index.php\/wp-json\/wp\/v2\/users\/3"}],"replies":[{"embeddable":true,"href":"https:\/\/www.actualidadadiario.com\/index.php\/wp-json\/wp\/v2\/comments?post=28090"}],"version-history":[{"count":1,"href":"https:\/\/www.actualidadadiario.com\/index.php\/wp-json\/wp\/v2\/posts\/28090\/revisions"}],"predecessor-version":[{"id":28092,"href":"https:\/\/www.actualidadadiario.com\/index.php\/wp-json\/wp\/v2\/posts\/28090\/revisions\/28092"}],"wp:featuredmedia":[{"embeddable":true,"href":"https:\/\/www.actualidadadiario.com\/index.php\/wp-json\/wp\/v2\/media\/28091"}],"wp:attachment":[{"href":"https:\/\/www.actualidadadiario.com\/index.php\/wp-json\/wp\/v2\/media?parent=28090"}],"wp:term":[{"taxonomy":"category","embeddable":true,"href":"https:\/\/www.actualidadadiario.com\/index.php\/wp-json\/wp\/v2\/categories?post=28090"},{"taxonomy":"post_tag","embeddable":true,"href":"https:\/\/www.actualidadadiario.com\/index.php\/wp-json\/wp\/v2\/tags?post=28090"}],"curies":[{"name":"wp","href":"https:\/\/api.w.org\/{rel}","templated":true}]}}