{"id":28083,"date":"2018-06-04T10:30:06","date_gmt":"2018-06-04T13:30:06","guid":{"rendered":"https:\/\/www.actualidadadiario.com\/?p=28083"},"modified":"2018-11-06T19:44:39","modified_gmt":"2018-11-06T22:44:39","slug":"la-asamblea-general-de-la-onu-la-presidira-una-latinoamericana","status":"publish","type":"post","link":"https:\/\/www.actualidadadiario.com\/index.php\/2018\/06\/04\/la-asamblea-general-de-la-onu-la-presidira-una-latinoamericana\/","title":{"rendered":"La Asamblea General de la ONU la presidir\u00e1 una latinoamericana"},"content":{"rendered":"<p><em><strong>El \u00f3rgano que representa a los miembros del organismo multilateral lo liderar\u00e1 por primera vez una mujer de la regi\u00f3n<\/strong><\/em><\/p>\n<p>&nbsp;<\/p>\n<p>&nbsp;<\/p>\n<p>&nbsp;<\/p>\n<p>La presidencia de la Asamblea General de las Naciones Unidas estar\u00e1 ocupada por primera vez en la historia del organismo por una mujer latinoamericana. Solo queda por decidir la elegida. La canciller de Ecuador, Mar\u00eda Fernanda Espinosa, compite por el puesto con la ministra de Exteriores de Honduras, Mary Flores. Es el principal \u00f3rgano que representa a los 193 pa\u00edses que integran la instituci\u00f3n multilateral y el foro m\u00e1s importante en el mundo de la diplomacia.<\/p>\n<p>&nbsp;<\/p>\n<p>El voto para la elecci\u00f3n tendr\u00e1 lugar el martes. El proceso de selecci\u00f3n de las candidaturas sigui\u00f3 esta vez un nuevo formato, m\u00e1s transparente, en el que las aspirantes tuvieron que participar en un di\u00e1logo informal para presentar su plan visi\u00f3n a los estados miembros y representantes de la sociedad civil. La elegida tomar\u00e1 en de septiembre el relevo al eslovaco Miroslav Lajcak.<\/p>\n<p>&nbsp;<\/p>\n<p>La candidatura de Espinosa se apoya en la acci\u00f3n del pa\u00eds Andino en el \u00e1mbito de los derechos humanos, la justicia, la migraci\u00f3n, refugiados y discapacitados. Su trabajo pondr\u00e1 especial atenci\u00f3n a las personas vulnerables y el desarrollo sostenible. \u201cLa integraci\u00f3n, la cooperaci\u00f3n y la uni\u00f3n de los pueblos son fundamentales para la convivencia pac\u00edfica y el desarrollo de las naciones\u201d, afirma.<\/p>\n<p>&nbsp;<\/p>\n<p>La jefa de la diplomacia ecuatoriana cree que la Asamblea General debe revitalizarse para dar respuesta r\u00e1pida y efectiva a situaciones de crisis. Pero para que la ONU pueda lograr los objetivos establecidos en su carta fundacional, insiste, debe ser un espacio de \u201cpuertas abiertas\u201d que canalice un di\u00e1logo global que responda las aspiraciones y necesidad de los pueblos.<\/p>\n<p>&nbsp;<\/p>\n<p>La presidencia se renueva cada a\u00f1o. El bloque que forman los pa\u00edses de Am\u00e9rica Latina y el Caribe eran los elegibles. Su misi\u00f3n es dirigir debates sobre un amplio abanico de cuestiones, desde la reforma de la ONU o la transparencia a la prevenci\u00f3n de conflictos y mantenimiento de la paz, pasando por pol\u00edticas de g\u00e9nero, cambio clim\u00e1tico y la financiaci\u00f3n del desarrollo.<\/p>\n<p>&nbsp;<\/p>\n<p>&nbsp;<\/p>\n<p><strong>Cuatro en siete d\u00e9cadas<\/strong><\/p>\n<p>Flores anticip\u00f3 en su intervenci\u00f3n p\u00fablica que su prioridad ser\u00e1 aplicar los objetivos marcados en la Agenda 2030, la atenci\u00f3n de la infancia y construir una cultura de paz. \u201cLleg\u00f3 el momento de actuar para consolidar una paz y una prosperidad transgeneracional\u201d, afirma, \u201ctenemos que construir puentes que conecten de la agenda de la ONU en beneficio de los ni\u00f1os\u201d.<\/p>\n<p>&nbsp;<\/p>\n<p>La ministra hondure\u00f1a comparte que se debe reforzar el papel de la Asamblea General como foro global para poder afrontar retos comunes y aprovechar las nuevas oportunidades que contribuyan a comunidades y sociedades m\u00e1s saludables y pr\u00f3speras. \u201cSe trata de lograr un equilibrio entre las necesidades de las generaciones presentes y las futuras\u201d, reitera la diplom\u00e1tica centroamericana.<\/p>\n<p>&nbsp;<\/p>\n<p>Ser\u00e1 la cuarta vez que la Asamblea estar\u00e1 presidida por una mujer desde su creaci\u00f3n hace siete d\u00e9cadas. Antes lo hicieron la india Vijaya Lakshmi Pandit (1953), la liberiana Angie Brooks (1969) y Sheikha Haya Rashed Al-Khalifa de Bahrain (2006). El cargo de secretario general es de dominio exclusivo de los hombres, pese a que en las pasadas elecciones se presentaron varias mujeres.<\/p>\n<p>&nbsp;<\/p>\n<p>El actual presidente admite que hay que hacer m\u00e1s para lograr la plena paridad en los trabajos de la ONU, pese a la contribuci\u00f3n que hicieron para su evoluci\u00f3n desde 1945. \u201cHacerla m\u00e1s equilibrada e inclusiva tendr\u00e1 un impacto positivo por todo el mundo\u201d, afirma. Las dos candidatas consideran que la igualdad de g\u00e9nero debe ser un eje transversal es todos sus programas y misiones.<\/p>\n","protected":false},"excerpt":{"rendered":"<p>El \u00f3rgano que representa a los miembros del organismo multilateral lo liderar\u00e1 por primera vez una mujer de la regi\u00f3n &nbsp; &nbsp; &nbsp; La presidencia de la Asamblea General de las Naciones Unidas estar\u00e1 ocupada por primera vez en la historia del organismo por una mujer latinoamericana. Solo queda por decidir la elegida. La canciller de Ecuador, Mar\u00eda Fernanda Espinosa, compite por el puesto con la ministra de Exteriores de Honduras, Mary Flores. Es el principal \u00f3rgano que representa a los 193 pa\u00edses que integran la instituci\u00f3n multilateral y el&#8230;<\/p>\n","protected":false},"author":3,"featured_media":28084,"comment_status":"closed","ping_status":"closed","sticky":false,"template":"","format":"standard","meta":[],"categories":[4],"tags":[],"_links":{"self":[{"href":"https:\/\/www.actualidadadiario.com\/index.php\/wp-json\/wp\/v2\/posts\/28083"}],"collection":[{"href":"https:\/\/www.actualidadadiario.com\/index.php\/wp-json\/wp\/v2\/posts"}],"about":[{"href":"https:\/\/www.actualidadadiario.com\/index.php\/wp-json\/wp\/v2\/types\/post"}],"author":[{"embeddable":true,"href":"https:\/\/www.actualidadadiario.com\/index.php\/wp-json\/wp\/v2\/users\/3"}],"replies":[{"embeddable":true,"href":"https:\/\/www.actualidadadiario.com\/index.php\/wp-json\/wp\/v2\/comments?post=28083"}],"version-history":[{"count":1,"href":"https:\/\/www.actualidadadiario.com\/index.php\/wp-json\/wp\/v2\/posts\/28083\/revisions"}],"predecessor-version":[{"id":28085,"href":"https:\/\/www.actualidadadiario.com\/index.php\/wp-json\/wp\/v2\/posts\/28083\/revisions\/28085"}],"wp:featuredmedia":[{"embeddable":true,"href":"https:\/\/www.actualidadadiario.com\/index.php\/wp-json\/wp\/v2\/media\/28084"}],"wp:attachment":[{"href":"https:\/\/www.actualidadadiario.com\/index.php\/wp-json\/wp\/v2\/media?parent=28083"}],"wp:term":[{"taxonomy":"category","embeddable":true,"href":"https:\/\/www.actualidadadiario.com\/index.php\/wp-json\/wp\/v2\/categories?post=28083"},{"taxonomy":"post_tag","embeddable":true,"href":"https:\/\/www.actualidadadiario.com\/index.php\/wp-json\/wp\/v2\/tags?post=28083"}],"curies":[{"name":"wp","href":"https:\/\/api.w.org\/{rel}","templated":true}]}}